{"id":4822,"date":"2025-01-27T17:42:09","date_gmt":"2025-01-27T16:42:09","guid":{"rendered":"https:\/\/sites.ffkarate.fr\/hautegaronne\/?p=4822"},"modified":"2025-01-29T10:55:02","modified_gmt":"2025-01-29T09:55:02","slug":"retour-en-images-sur-la-competition-de-karate-du-week-end","status":"publish","type":"post","link":"https:\/\/sites.ffkarate.fr\/hautegaronne\/2025\/01\/27\/retour-en-images-sur-la-competition-de-karate-du-week-end\/","title":{"rendered":"Retour en images sur la comp\u00e9tition de karat\u00e9 du week-end !"},"content":{"rendered":"<div class=\"wpb-content-wrapper\"><p>[vc_row][vc_column][vc_column_text]Voici un lien vers les photos de notre super comp\u00e9tition de karat\u00e9 de ce week-end. Un grand merci \u00e0 vous tous pour votre \u00e9nergie et votre super esprit sportif !<\/p>\n<ul>\n<li><strong>Merci \u00e0 tous les participants<\/strong> : vous avez \u00e9t\u00e9 plus de 500 \u00e0 donner le meilleur de vous-m\u00eames, et \u00e7a a vraiment fait toute la diff\u00e9rence !<\/li>\n<li><strong>Merci aux arbitres locaux et \u00e0 ceux qui se sont d\u00e9plac\u00e9s<\/strong> pour nous soutenir, assurer la bonne tenue des comp\u00e9titions et garantir un arbitrage de qualit\u00e9. Votre travail est essentiel au bon d\u00e9roulement de ces \u00e9v\u00e9nements.<\/li>\n<li><strong>Un gros merci aux b\u00e9n\u00e9voles<\/strong> : vous avez \u00e9t\u00e9 l\u00e0 \u00e0 chaque \u00e9tape, et sans vous, tout \u00e7a n\u2019aurait pas \u00e9t\u00e9 possible.<\/li>\n<li><strong>Un \u00e9norme merci \u00e0 la sportive et aux organisateurs<\/strong> !<\/li>\n<\/ul>\n<p>Et un <strong>bon courage aux athl\u00e8tes qualifi\u00e9s pour les r\u00e9gionaux<\/strong> ! On vous souhaite plein de r\u00e9ussite pour la suite de la saison.<\/p>\n<p>Les photos sont disponibles ici :<a href=\"https:\/\/photos.app.goo.gl\/wdvnSy3LwFa6Vvr47\" target=\"_blank\" rel=\"noopener\"> [<strong> 25-26\/01\/2025 &#8211; Coupe et Championnat D\u00e9partemental Karat\u00e9 <\/strong>]<\/a><\/p>\n<p>Merci encore \u00e0 tous pour ce week-end et \u00e0 tr\u00e8s vite pour de nouvelles aventures sportives ![\/vc_column_text][\/vc_column][\/vc_row]<\/p>\n<\/div>","protected":false},"excerpt":{"rendered":"<p>[vc_row][vc_column][vc_column_text]Voici un lien vers les photos de notre super comp\u00e9tition de karat\u00e9 de ce week-end. Un grand merci \u00e0 vous tous pour votre \u00e9nergie et votre super esprit sportif ! Merci \u00e0 tous les participants : vous avez \u00e9t\u00e9 plus de 500 \u00e0 donner le meilleur de vous-m\u00eames, et \u00e7a a vraiment fait toute la [&hellip;]<\/p>\n","protected":false},"author":204,"featured_media":4823,"comment_status":"closed","ping_status":"closed","sticky":false,"template":"","format":"standard","meta":{"footnotes":""},"categories":[5,10,14],"tags":[],"class_list":["post-4822","post","type-post","status-publish","format-standard","hentry","category-actualites","category-competitions","category-karate"],"_links":{"self":[{"href":"https:\/\/sites.ffkarate.fr\/hautegaronne\/wp-json\/wp\/v2\/posts\/4822","targetHints":{"allow":["GET"]}}],"collection":[{"href":"https:\/\/sites.ffkarate.fr\/hautegaronne\/wp-json\/wp\/v2\/posts"}],"about":[{"href":"https:\/\/sites.ffkarate.fr\/hautegaronne\/wp-json\/wp\/v2\/types\/post"}],"author":[{"embeddable":true,"href":"https:\/\/sites.ffkarate.fr\/hautegaronne\/wp-json\/wp\/v2\/users\/204"}],"replies":[{"embeddable":true,"href":"https:\/\/sites.ffkarate.fr\/hautegaronne\/wp-json\/wp\/v2\/comments?post=4822"}],"version-history":[{"count":3,"href":"https:\/\/sites.ffkarate.fr\/hautegaronne\/wp-json\/wp\/v2\/posts\/4822\/revisions"}],"predecessor-version":[{"id":4827,"href":"https:\/\/sites.ffkarate.fr\/hautegaronne\/wp-json\/wp\/v2\/posts\/4822\/revisions\/4827"}],"wp:featuredmedia":[{"embeddable":true,"href":"https:\/\/sites.ffkarate.fr\/hautegaronne\/wp-json\/wp\/v2\/media\/4823"}],"wp:attachment":[{"href":"https:\/\/sites.ffkarate.fr\/hautegaronne\/wp-json\/wp\/v2\/media?parent=4822"}],"wp:term":[{"taxonomy":"category","embeddable":true,"href":"https:\/\/sites.ffkarate.fr\/hautegaronne\/wp-json\/wp\/v2\/categories?post=4822"},{"taxonomy":"post_tag","embeddable":true,"href":"https:\/\/sites.ffkarate.fr\/hautegaronne\/wp-json\/wp\/v2\/tags?post=4822"}],"curies":[{"name":"wp","href":"https:\/\/api.w.org\/{rel}","templated":true}]}}