{"id":4906,"date":"2026-04-22T11:13:03","date_gmt":"2026-04-22T09:13:03","guid":{"rendered":"https:\/\/sites.ffkarate.fr\/hautegaronne\/?p=4906"},"modified":"2026-04-22T22:11:20","modified_gmt":"2026-04-22T20:11:20","slug":"stage-preparation-aux-grades-06-06-2026","status":"publish","type":"post","link":"https:\/\/sites.ffkarate.fr\/hautegaronne\/2026\/04\/22\/stage-preparation-aux-grades-06-06-2026\/","title":{"rendered":"Stage pr\u00e9paration aux grades &#8211; 06\/06\/2026"},"content":{"rendered":"<div class=\"wpb-content-wrapper\"><p>[vc_row][vc_column][vc_column_text]<\/p>\n<p class=\"\" data-start=\"75\" data-end=\"121\"><strong data-start=\"75\" data-end=\"119\">Stage de pr\u00e9paration aux grades \u2013 Karat\u00e9<\/strong><\/p>\n<p class=\"\" data-start=\"123\" data-end=\"169\"><strong data-start=\"126\" data-end=\"167\">Dirig\u00e9 par Lilian Froidure (7\u00e8me Dan)<\/strong><!--more--><\/p>\n<p class=\"\" data-start=\"171\" data-end=\"322\"><strong data-start=\"174\" data-end=\"182\">Date<\/strong> : Samedi 06 Juin 2026<br \/>\n<strong data-start=\"211\" data-end=\"222\">Horaire<\/strong> : 15h \u2013 17h<br data-start=\"234\" data-end=\"237\" \/><strong data-start=\"240\" data-end=\"248\">Lieu<\/strong> : Centre Marcel Clermont, 12 avenue du 21 Mars 1962 \u00e0 Fontenilles 31470<br data-start=\"258\" data-end=\"261\" \/><strong data-start=\"264\" data-end=\"273\" data-is-only-node=\"\">Tarif<\/strong> : 15\u20ac<br data-start=\"279\" data-end=\"282\" \/><strong data-start=\"285\" data-end=\"294\">Bonus<\/strong>\u00a0: 1 point de bonification<\/p>\n<p class=\"\" data-start=\"324\" data-end=\"427\"><strong data-start=\"327\" data-end=\"351\">Inscription en ligne<\/strong>\u00a0:\u00a0<a href=\"https:\/\/forms.gle\/Cc3eMTqdNvbqTQyZ9\" target=\"_blank\" rel=\"noopener\">[Formulaire d\u2019inscription]<\/a><br data-start=\"375\" data-end=\"378\" \/>Ne manquez pas cette occasion de vous perfectionner et d\u2019avancer vers votre prochain grade !<\/p>\n<p>[\/vc_column_text][\/vc_column][\/vc_row]<\/p>\n<\/div>","protected":false},"excerpt":{"rendered":"<p>[vc_row][vc_column][vc_column_text] Stage de pr\u00e9paration aux grades \u2013 Karat\u00e9 Dirig\u00e9 par Lilian Froidure (7\u00e8me Dan)<\/p>\n","protected":false},"author":204,"featured_media":5379,"comment_status":"open","ping_status":"open","sticky":false,"template":"","format":"standard","meta":{"footnotes":""},"categories":[12,19],"tags":[],"class_list":["post-4906","post","type-post","status-publish","format-standard","hentry","category-grades","category-stages"],"_links":{"self":[{"href":"https:\/\/sites.ffkarate.fr\/hautegaronne\/wp-json\/wp\/v2\/posts\/4906","targetHints":{"allow":["GET"]}}],"collection":[{"href":"https:\/\/sites.ffkarate.fr\/hautegaronne\/wp-json\/wp\/v2\/posts"}],"about":[{"href":"https:\/\/sites.ffkarate.fr\/hautegaronne\/wp-json\/wp\/v2\/types\/post"}],"author":[{"embeddable":true,"href":"https:\/\/sites.ffkarate.fr\/hautegaronne\/wp-json\/wp\/v2\/users\/204"}],"replies":[{"embeddable":true,"href":"https:\/\/sites.ffkarate.fr\/hautegaronne\/wp-json\/wp\/v2\/comments?post=4906"}],"version-history":[{"count":6,"href":"https:\/\/sites.ffkarate.fr\/hautegaronne\/wp-json\/wp\/v2\/posts\/4906\/revisions"}],"predecessor-version":[{"id":5383,"href":"https:\/\/sites.ffkarate.fr\/hautegaronne\/wp-json\/wp\/v2\/posts\/4906\/revisions\/5383"}],"wp:featuredmedia":[{"embeddable":true,"href":"https:\/\/sites.ffkarate.fr\/hautegaronne\/wp-json\/wp\/v2\/media\/5379"}],"wp:attachment":[{"href":"https:\/\/sites.ffkarate.fr\/hautegaronne\/wp-json\/wp\/v2\/media?parent=4906"}],"wp:term":[{"taxonomy":"category","embeddable":true,"href":"https:\/\/sites.ffkarate.fr\/hautegaronne\/wp-json\/wp\/v2\/categories?post=4906"},{"taxonomy":"post_tag","embeddable":true,"href":"https:\/\/sites.ffkarate.fr\/hautegaronne\/wp-json\/wp\/v2\/tags?post=4906"}],"curies":[{"name":"wp","href":"https:\/\/api.w.org\/{rel}","templated":true}]}}