{"id":4992,"date":"2025-07-12T15:35:17","date_gmt":"2025-07-12T13:35:17","guid":{"rendered":"https:\/\/sites.ffkarate.fr\/hautegaronne\/?p=4992"},"modified":"2025-07-16T15:37:48","modified_gmt":"2025-07-16T13:37:48","slug":"%f0%9f%95%8a-hommage-a-johan-guet","status":"publish","type":"post","link":"https:\/\/sites.ffkarate.fr\/hautegaronne\/2025\/07\/12\/%f0%9f%95%8a-hommage-a-johan-guet\/","title":{"rendered":"\ud83d\udd4a Hommage \u00e0 Johan Guet"},"content":{"rendered":"<div class=\"wpb-content-wrapper\"><p>[vc_row][vc_column][vc_column_text]<\/p>\n<div class=\"xdj266r x14z9mp xat24cr x1lziwak x1vvkbs x126k92a\">\n<div dir=\"auto\">C\u2019est avec une profonde tristesse que nous avons appris le d\u00e9c\u00e8s de Johan Guet suite \u00e0 un accident de moto motel.<\/div>\n<div dir=\"auto\"><\/div>\n<\/div>\n<div class=\"x14z9mp xat24cr x1lziwak x1vvkbs xtlvy1s x126k92a\">\n<div dir=\"auto\">Coach passionn\u00e9, profond\u00e9ment investi dans la transmission et l\u2019accompagnement de ses \u00e9l\u00e8ves, Johan a marqu\u00e9 de son empreinte le paysage des arts martiaux dans notre d\u00e9partement.<\/div>\n<div dir=\"auto\"><\/div>\n<div dir=\"auto\">Son engagement, son exigence bienveillante et sa passion contagieuse ont inspir\u00e9 de nombreux pratiquants.<\/div>\n<\/div>\n<div class=\"x14z9mp xat24cr x1lziwak x1vvkbs xtlvy1s x126k92a\">\n<div dir=\"auto\">Au nom de toute l\u2019\u00e9quipe du CDKDA31, nous adressons nos plus sinc\u00e8res condol\u00e9ances \u00e0 sa famille, \u00e0 ses proches et \u00e0 tous ses \u00e9l\u00e8ves.<\/div>\n<div dir=\"auto\"><\/div>\n<div dir=\"auto\">Son souvenir et son impact resteront grav\u00e9s dans nos esprits.<\/div>\n<div dir=\"auto\"><\/div>\n<\/div>\n<div class=\"x14z9mp xat24cr x1lziwak x1vvkbs xtlvy1s x126k92a\">\n<div dir=\"auto\"><span class=\"html-span xexx8yu xyri2b x18d9i69 x1c1uobl x1hl2dhg x16tdsg8 x1vvkbs x3nfvp2 x1j61x8r x1fcty0u xdj266r xat24cr xm2jcoa x1mpyi22 xxymvpz xlup9mm x1kky2od\"><img decoding=\"async\" class=\"xz74otr x15mokao x1ga7v0g x16uus16 xbiv7yw\" src=\"https:\/\/static.xx.fbcdn.net\/images\/emoji.php\/v9\/t3f\/1\/16\/1f94b.png\" alt=\"\ud83e\udd4b\" width=\"16\" height=\"16\" \/><\/span> Repose en paix Johan.<\/div>\n<\/div>\n<p>[\/vc_column_text][vc_single_image image=\u00a0\u00bb4993&Prime;][\/vc_column][\/vc_row]<\/p>\n<\/div>","protected":false},"excerpt":{"rendered":"<p>[vc_row][vc_column][vc_column_text] C\u2019est avec une profonde tristesse que nous avons appris le d\u00e9c\u00e8s de Johan Guet suite \u00e0 un accident de moto motel. Coach passionn\u00e9, profond\u00e9ment investi dans la transmission et l\u2019accompagnement de ses \u00e9l\u00e8ves, Johan a marqu\u00e9 de son empreinte le paysage des arts martiaux dans notre d\u00e9partement. Son engagement, son exigence bienveillante et sa [&hellip;]<\/p>\n","protected":false},"author":204,"featured_media":4994,"comment_status":"open","ping_status":"open","sticky":false,"template":"","format":"standard","meta":{"footnotes":""},"categories":[5],"tags":[],"class_list":["post-4992","post","type-post","status-publish","format-standard","hentry","category-actualites"],"_links":{"self":[{"href":"https:\/\/sites.ffkarate.fr\/hautegaronne\/wp-json\/wp\/v2\/posts\/4992","targetHints":{"allow":["GET"]}}],"collection":[{"href":"https:\/\/sites.ffkarate.fr\/hautegaronne\/wp-json\/wp\/v2\/posts"}],"about":[{"href":"https:\/\/sites.ffkarate.fr\/hautegaronne\/wp-json\/wp\/v2\/types\/post"}],"author":[{"embeddable":true,"href":"https:\/\/sites.ffkarate.fr\/hautegaronne\/wp-json\/wp\/v2\/users\/204"}],"replies":[{"embeddable":true,"href":"https:\/\/sites.ffkarate.fr\/hautegaronne\/wp-json\/wp\/v2\/comments?post=4992"}],"version-history":[{"count":2,"href":"https:\/\/sites.ffkarate.fr\/hautegaronne\/wp-json\/wp\/v2\/posts\/4992\/revisions"}],"predecessor-version":[{"id":4996,"href":"https:\/\/sites.ffkarate.fr\/hautegaronne\/wp-json\/wp\/v2\/posts\/4992\/revisions\/4996"}],"wp:featuredmedia":[{"embeddable":true,"href":"https:\/\/sites.ffkarate.fr\/hautegaronne\/wp-json\/wp\/v2\/media\/4994"}],"wp:attachment":[{"href":"https:\/\/sites.ffkarate.fr\/hautegaronne\/wp-json\/wp\/v2\/media?parent=4992"}],"wp:term":[{"taxonomy":"category","embeddable":true,"href":"https:\/\/sites.ffkarate.fr\/hautegaronne\/wp-json\/wp\/v2\/categories?post=4992"},{"taxonomy":"post_tag","embeddable":true,"href":"https:\/\/sites.ffkarate.fr\/hautegaronne\/wp-json\/wp\/v2\/tags?post=4992"}],"curies":[{"name":"wp","href":"https:\/\/api.w.org\/{rel}","templated":true}]}}