{"id":5075,"date":"2025-09-08T15:47:57","date_gmt":"2025-09-08T13:47:57","guid":{"rendered":"https:\/\/sites.ffkarate.fr\/hautegaronne\/?p=5075"},"modified":"2025-09-08T15:54:46","modified_gmt":"2025-09-08T13:54:46","slug":"stage-departemental-multidisciplines-cdkda31","status":"publish","type":"post","link":"https:\/\/sites.ffkarate.fr\/hautegaronne\/2025\/09\/08\/stage-departemental-multidisciplines-cdkda31\/","title":{"rendered":"Stage D\u00e9partemental Multidisciplines \u2013 CDKDA31"},"content":{"rendered":"<div class=\"wpb-content-wrapper\"><p>[vc_row][vc_column][vc_column_text]<\/p>\n<p data-start=\"198\" data-end=\"382\">Comme chaque ann\u00e9e \u00e0 la rentr\u00e9e, le Comit\u00e9 D\u00e9partemental de Karat\u00e9 et Disciplines Associ\u00e9es de la Haute-Garonne (CDKDA31) organise son grand <strong data-start=\"339\" data-end=\"379\">Stage D\u00e9partemental Multidisciplines<\/strong>.<!--more--><\/p>\n<p data-start=\"384\" data-end=\"494\">\ud83d\udcc5 <strong data-start=\"387\" data-end=\"431\">Dimanche 28 septembre 2025 \u2013 de 9h \u00e0 13h<\/strong><br data-start=\"431\" data-end=\"434\" \/>\ud83d\udccd <strong data-start=\"437\" data-end=\"492\">Gymnase de Roques \u2013 Avenue de la Gare, 31120 Roques<\/strong><\/p>\n<p data-start=\"496\" data-end=\"686\">Cet \u00e9v\u00e9nement gratuit est <strong data-start=\"522\" data-end=\"539\">ouvert \u00e0 tous \u00e0 partir de 15 ans<\/strong>, licenci\u00e9s ou non, et constitue une belle occasion de d\u00e9couvrir la richesse et la diversit\u00e9 des disciplines repr\u00e9sent\u00e9es au sein du d\u00e9partement.<\/p>\n<p data-start=\"688\" data-end=\"707\">\ud83d\udc49 Au programme :<\/p>\n<ul data-start=\"708\" data-end=\"1018\">\n<li data-start=\"708\" data-end=\"753\">\n<p data-start=\"710\" data-end=\"753\"><strong data-start=\"710\" data-end=\"725\">Body Karat\u00e9<\/strong> avec Lilian Cogo (2e DAN)<\/p>\n<\/li>\n<li data-start=\"754\" data-end=\"807\">\n<p data-start=\"756\" data-end=\"807\"><strong data-start=\"756\" data-end=\"775\">Karat\u00e9 Shotokan<\/strong> avec Lilian Froidure (7e DAN)<\/p>\n<\/li>\n<li data-start=\"808\" data-end=\"853\">\n<p data-start=\"810\" data-end=\"853\"><strong data-start=\"810\" data-end=\"823\">Krav Maga<\/strong> avec Lucien Desnot (4e DAN)<\/p>\n<\/li>\n<li data-start=\"854\" data-end=\"904\">\n<p data-start=\"856\" data-end=\"904\"><strong data-start=\"856\" data-end=\"874\">Karat\u00e9 Contact<\/strong> avec Alaa Boutahar (3e DAN)<\/p>\n<\/li>\n<li data-start=\"905\" data-end=\"956\">\n<p data-start=\"907\" data-end=\"956\"><strong data-start=\"907\" data-end=\"926\">Nihon Ta\u00ef Jitsu<\/strong> avec Youn\u00e8s Sekkal (5e DAN)<\/p>\n<\/li>\n<li data-start=\"957\" data-end=\"1018\">\n<p data-start=\"959\" data-end=\"1018\"><strong data-start=\"959\" data-end=\"988\">Arts Martiaux Vietnamiens<\/strong> avec Hafid Chrifi (4e DANG)<\/p>\n<\/li>\n<\/ul>\n<p data-start=\"1020\" data-end=\"1134\">Un rendez-vous convivial, formateur et inspirant qui r\u00e9unit chaque ann\u00e9e pratiquants, enseignants et passionn\u00e9s.<\/p>\n<p data-start=\"1136\" data-end=\"1218\"><strong data-start=\"1136\" data-end=\"1216\">Entr\u00e9e gratuite \u2013 Venez nombreux d\u00e9couvrir ou perfectionner votre pratique !<\/strong><\/p>\n<p data-start=\"1220\" data-end=\"1254\">Contact : <a class=\"decorated-link cursor-pointer\" rel=\"noopener\" data-start=\"1233\" data-end=\"1252\">cdkda31@ffkarate.fr<\/a><\/p>\n<p>[\/vc_column_text][\/vc_column][\/vc_row][vc_row][vc_column][ffk_button link=\u00a0\u00bburl:https%3A%2F%2Fsites.ffkarate.fr%2Fhautegaronne%2Fwp-content%2Fuploads%2Fsites%2F52%2F2025%2F09%2FcOMITe-departemental-de-karate-et-disciplines-associees-de-la-haute-garonne.pdf\u00a0\u00bb][\/vc_column][\/vc_row]<\/p>\n<\/div>","protected":false},"excerpt":{"rendered":"<p>[vc_row][vc_column][vc_column_text] Comme chaque ann\u00e9e \u00e0 la rentr\u00e9e, le Comit\u00e9 D\u00e9partemental de Karat\u00e9 et Disciplines Associ\u00e9es de la Haute-Garonne (CDKDA31) organise son grand Stage D\u00e9partemental Multidisciplines.<\/p>\n","protected":false},"author":204,"featured_media":5076,"comment_status":"open","ping_status":"open","sticky":false,"template":"","format":"standard","meta":{"footnotes":""},"categories":[19],"tags":[],"class_list":["post-5075","post","type-post","status-publish","format-standard","hentry","category-stages"],"_links":{"self":[{"href":"https:\/\/sites.ffkarate.fr\/hautegaronne\/wp-json\/wp\/v2\/posts\/5075","targetHints":{"allow":["GET"]}}],"collection":[{"href":"https:\/\/sites.ffkarate.fr\/hautegaronne\/wp-json\/wp\/v2\/posts"}],"about":[{"href":"https:\/\/sites.ffkarate.fr\/hautegaronne\/wp-json\/wp\/v2\/types\/post"}],"author":[{"embeddable":true,"href":"https:\/\/sites.ffkarate.fr\/hautegaronne\/wp-json\/wp\/v2\/users\/204"}],"replies":[{"embeddable":true,"href":"https:\/\/sites.ffkarate.fr\/hautegaronne\/wp-json\/wp\/v2\/comments?post=5075"}],"version-history":[{"count":5,"href":"https:\/\/sites.ffkarate.fr\/hautegaronne\/wp-json\/wp\/v2\/posts\/5075\/revisions"}],"predecessor-version":[{"id":5082,"href":"https:\/\/sites.ffkarate.fr\/hautegaronne\/wp-json\/wp\/v2\/posts\/5075\/revisions\/5082"}],"wp:featuredmedia":[{"embeddable":true,"href":"https:\/\/sites.ffkarate.fr\/hautegaronne\/wp-json\/wp\/v2\/media\/5076"}],"wp:attachment":[{"href":"https:\/\/sites.ffkarate.fr\/hautegaronne\/wp-json\/wp\/v2\/media?parent=5075"}],"wp:term":[{"taxonomy":"category","embeddable":true,"href":"https:\/\/sites.ffkarate.fr\/hautegaronne\/wp-json\/wp\/v2\/categories?post=5075"},{"taxonomy":"post_tag","embeddable":true,"href":"https:\/\/sites.ffkarate.fr\/hautegaronne\/wp-json\/wp\/v2\/tags?post=5075"}],"curies":[{"name":"wp","href":"https:\/\/api.w.org\/{rel}","templated":true}]}}