{"id":5336,"date":"2026-03-10T10:40:49","date_gmt":"2026-03-10T09:40:49","guid":{"rendered":"https:\/\/sites.ffkarate.fr\/hautegaronne\/?p=5336"},"modified":"2026-03-10T11:02:14","modified_gmt":"2026-03-10T10:02:14","slug":"lutte-contre-les-violences-et-discriminations-designation-dun-referent-lvss","status":"publish","type":"post","link":"https:\/\/sites.ffkarate.fr\/hautegaronne\/2026\/03\/10\/lutte-contre-les-violences-et-discriminations-designation-dun-referent-lvss\/","title":{"rendered":"Lutte contre les violences et discriminations : d\u00e9signation d\u2019un r\u00e9f\u00e9rent LVSS &#8211; Appel \u00e0 candidature"},"content":{"rendered":"<div class=\"wpb-content-wrapper\"><p>[vc_row][vc_column][vc_column_text]<\/p>\n<p data-start=\"222\" data-end=\"536\">Dans le cadre du renforcement du dispositif f\u00e9d\u00e9ral de <strong data-start=\"277\" data-end=\"385\">pr\u00e9vention et de lutte contre les violences sexistes et sexuelles, le harc\u00e8lement et les discriminations<\/strong>, la F\u00e9d\u00e9ration Fran\u00e7aise de Karat\u00e9 et Disciplines Associ\u00e9es met en place un <strong data-start=\"462\" data-end=\"535\">r\u00e9seau de r\u00e9f\u00e9rents LVSS au sein des Ligues et Comit\u00e9s d\u00e9partementaux<\/strong>.<!--more--><\/p>\n<p data-start=\"538\" data-end=\"700\">Ce dispositif vise \u00e0 <strong data-start=\"559\" data-end=\"627\">structurer un r\u00e9seau d\u2019\u00e9coute, de pr\u00e9vention et d\u2019accompagnement<\/strong>, au service de l\u2019ensemble des licenci\u00e9s et des structures du territoire.<\/p>\n<p data-start=\"702\" data-end=\"822\">\u00c0 ce titre, les Ligues et Comit\u00e9s d\u00e9partementaux sont invit\u00e9s \u00e0 <strong data-start=\"766\" data-end=\"795\">d\u00e9signer un r\u00e9f\u00e9rent LVSS<\/strong> au sein de leur structure.<\/p>\n<p data-start=\"979\" data-end=\"1137\">Les structures concern\u00e9es sont invit\u00e9es \u00e0 <strong data-start=\"1021\" data-end=\"1088\">compl\u00e9ter le formulaire et le transmettre avant le 31 mars 2026<\/strong> \u00e0 l\u2019adresse suivante :<br data-start=\"1111\" data-end=\"1114\" \/>\ud83d\udce7 <strong data-start=\"1117\" data-end=\"1137\"><a class=\"decorated-link cursor-pointer\" rel=\"noopener\" data-start=\"1119\" data-end=\"1135\">lvss@ffkarate.fr<\/a><\/strong><\/p>\n<p data-start=\"1139\" data-end=\"1169\">\ud83d\udc49 Documents \u00e0 t\u00e9l\u00e9charger :<\/p>\n<ul data-start=\"1170\" data-end=\"1266\">\n<li data-section-id=\"skrfpa\" data-start=\"1170\" data-end=\"1221\">\n<p data-start=\"1172\" data-end=\"1221\"><a href=\"https:\/\/sites.ffkarate.fr\/hautegaronne\/wp-content\/uploads\/sites\/52\/2026\/03\/Structuration-du-reseau-deconcentre-federal-des-referents-LVSS_VF.pdf\" target=\"_blank\" rel=\"noopener\">Courrier f\u00e9d\u00e9ral \u2013 Structuration du r\u00e9seau LVSS<\/a><\/p>\n<\/li>\n<li data-section-id=\"xvqcfc\" data-start=\"1222\" data-end=\"1266\">\n<p data-start=\"1224\" data-end=\"1266\"><a href=\"https:\/\/sites.ffkarate.fr\/hautegaronne\/wp-content\/uploads\/sites\/52\/2026\/03\/Formulaire_DEF_LVS-1.pdf\" target=\"_blank\" rel=\"noopener\">Formulaire de d\u00e9signation du r\u00e9f\u00e9rent LVSS<\/a><\/p>\n<\/li>\n<\/ul>\n<p data-start=\"1268\" data-end=\"1424\">Cette d\u00e9marche s\u2019inscrit dans la volont\u00e9 de la F\u00e9d\u00e9ration de <strong data-start=\"1329\" data-end=\"1423\">renforcer la pr\u00e9vention, la protection des pratiquants et le respect des valeurs du karat\u00e9<\/strong>.<\/p>\n<p>[\/vc_column_text][\/vc_column][\/vc_row]<\/p>\n<\/div>","protected":false},"excerpt":{"rendered":"<p>[vc_row][vc_column][vc_column_text] Dans le cadre du renforcement du dispositif f\u00e9d\u00e9ral de pr\u00e9vention et de lutte contre les violences sexistes et sexuelles, le harc\u00e8lement et les discriminations, la F\u00e9d\u00e9ration Fran\u00e7aise de Karat\u00e9 et Disciplines Associ\u00e9es met en place un r\u00e9seau de r\u00e9f\u00e9rents LVSS au sein des Ligues et Comit\u00e9s d\u00e9partementaux.<\/p>\n","protected":false},"author":204,"featured_media":5344,"comment_status":"open","ping_status":"open","sticky":false,"template":"","format":"standard","meta":{"footnotes":""},"categories":[1,13],"tags":[],"class_list":["post-5336","post","type-post","status-publish","format-standard","hentry","category-non-classe","category-institutionnel"],"_links":{"self":[{"href":"https:\/\/sites.ffkarate.fr\/hautegaronne\/wp-json\/wp\/v2\/posts\/5336","targetHints":{"allow":["GET"]}}],"collection":[{"href":"https:\/\/sites.ffkarate.fr\/hautegaronne\/wp-json\/wp\/v2\/posts"}],"about":[{"href":"https:\/\/sites.ffkarate.fr\/hautegaronne\/wp-json\/wp\/v2\/types\/post"}],"author":[{"embeddable":true,"href":"https:\/\/sites.ffkarate.fr\/hautegaronne\/wp-json\/wp\/v2\/users\/204"}],"replies":[{"embeddable":true,"href":"https:\/\/sites.ffkarate.fr\/hautegaronne\/wp-json\/wp\/v2\/comments?post=5336"}],"version-history":[{"count":4,"href":"https:\/\/sites.ffkarate.fr\/hautegaronne\/wp-json\/wp\/v2\/posts\/5336\/revisions"}],"predecessor-version":[{"id":5342,"href":"https:\/\/sites.ffkarate.fr\/hautegaronne\/wp-json\/wp\/v2\/posts\/5336\/revisions\/5342"}],"wp:featuredmedia":[{"embeddable":true,"href":"https:\/\/sites.ffkarate.fr\/hautegaronne\/wp-json\/wp\/v2\/media\/5344"}],"wp:attachment":[{"href":"https:\/\/sites.ffkarate.fr\/hautegaronne\/wp-json\/wp\/v2\/media?parent=5336"}],"wp:term":[{"taxonomy":"category","embeddable":true,"href":"https:\/\/sites.ffkarate.fr\/hautegaronne\/wp-json\/wp\/v2\/categories?post=5336"},{"taxonomy":"post_tag","embeddable":true,"href":"https:\/\/sites.ffkarate.fr\/hautegaronne\/wp-json\/wp\/v2\/tags?post=5336"}],"curies":[{"name":"wp","href":"https:\/\/api.w.org\/{rel}","templated":true}]}}