{"id":5465,"date":"2026-09-02T22:33:02","date_gmt":"2026-09-02T20:33:02","guid":{"rendered":"https:\/\/sites.ffkarate.fr\/hautegaronne\/?p=5465"},"modified":"2026-09-04T10:22:17","modified_gmt":"2026-09-04T08:22:17","slug":"stage-darbitrage-3-octobre-2026-a-muret","status":"publish","type":"post","link":"https:\/\/sites.ffkarate.fr\/hautegaronne\/2026\/09\/02\/stage-darbitrage-3-octobre-2026-a-muret\/","title":{"rendered":"Stage d\u2019arbitrage \u2013 3 octobre 2026 \u00e0 Muret"},"content":{"rendered":"<div class=\"wpb-content-wrapper\"><p>[vc_row][vc_column][vc_column_text]<\/p>\n<p data-start=\"34\" data-end=\"177\">La <strong data-start=\"37\" data-end=\"101\">Ligue R\u00e9gionale Occitanie de Karat\u00e9 et Disciplines Associ\u00e9es<\/strong> organise un stage d\u2019arbitrage le <strong data-start=\"135\" data-end=\"176\">samedi 3 octobre 2026 \u00e0 13h30 \u00e0 Muret<\/strong>.<!--more--><\/p>\n<p data-start=\"179\" data-end=\"311\">Un rendez-vous de rentr\u00e9e pour pr\u00e9parer la nouvelle saison sportive et accompagner les arbitres dans l\u2019\u00e9volution de leurs pratiques.<\/p>\n<p data-start=\"313\" data-end=\"429\">\ud83d\udcc5 <strong data-start=\"316\" data-end=\"341\">Samedi 3 octobre 2026<\/strong><br data-start=\"341\" data-end=\"344\" \/>\ud83d\udd5c <strong data-start=\"347\" data-end=\"356\">13h30<\/strong><br data-start=\"356\" data-end=\"359\" \/>\ud83d\udccd <strong data-start=\"362\" data-end=\"371\">Muret<\/strong><br data-start=\"371\" data-end=\"374\" data-is-only-node=\"\" \/>\ud83d\udc65 Ouvert aux <strong data-start=\"388\" data-end=\"429\">arbitres, coachs et candidats DAF\/DIF<\/strong><\/p>\n<p data-start=\"431\" data-end=\"495\">\ud83e\udd4b Bonne reprise \u00e0 toutes et \u00e0 tous, et belle saison 2026\/2027 !<\/p>\n<p data-start=\"497\" data-end=\"554\" data-is-last-node=\"\" data-is-only-node=\"\">#Karat\u00e9 #Arbitrage #Occitanie #Muret #FFK #Saison20262027<\/p>\n<p>[\/vc_column_text][\/vc_column][\/vc_row]<\/p>\n<\/div>","protected":false},"excerpt":{"rendered":"<p>[vc_row][vc_column][vc_column_text] La Ligue R\u00e9gionale Occitanie de Karat\u00e9 et Disciplines Associ\u00e9es organise un stage d\u2019arbitrage le samedi 3 octobre 2026 \u00e0 13h30 \u00e0 Muret.<\/p>\n","protected":false},"author":204,"featured_media":5469,"comment_status":"open","ping_status":"open","sticky":false,"template":"","format":"standard","meta":{"footnotes":""},"categories":[8],"tags":[],"class_list":["post-5465","post","type-post","status-publish","format-standard","hentry","category-arbitrage"],"_links":{"self":[{"href":"https:\/\/sites.ffkarate.fr\/hautegaronne\/wp-json\/wp\/v2\/posts\/5465","targetHints":{"allow":["GET"]}}],"collection":[{"href":"https:\/\/sites.ffkarate.fr\/hautegaronne\/wp-json\/wp\/v2\/posts"}],"about":[{"href":"https:\/\/sites.ffkarate.fr\/hautegaronne\/wp-json\/wp\/v2\/types\/post"}],"author":[{"embeddable":true,"href":"https:\/\/sites.ffkarate.fr\/hautegaronne\/wp-json\/wp\/v2\/users\/204"}],"replies":[{"embeddable":true,"href":"https:\/\/sites.ffkarate.fr\/hautegaronne\/wp-json\/wp\/v2\/comments?post=5465"}],"version-history":[{"count":6,"href":"https:\/\/sites.ffkarate.fr\/hautegaronne\/wp-json\/wp\/v2\/posts\/5465\/revisions"}],"predecessor-version":[{"id":5472,"href":"https:\/\/sites.ffkarate.fr\/hautegaronne\/wp-json\/wp\/v2\/posts\/5465\/revisions\/5472"}],"wp:featuredmedia":[{"embeddable":true,"href":"https:\/\/sites.ffkarate.fr\/hautegaronne\/wp-json\/wp\/v2\/media\/5469"}],"wp:attachment":[{"href":"https:\/\/sites.ffkarate.fr\/hautegaronne\/wp-json\/wp\/v2\/media?parent=5465"}],"wp:term":[{"taxonomy":"category","embeddable":true,"href":"https:\/\/sites.ffkarate.fr\/hautegaronne\/wp-json\/wp\/v2\/categories?post=5465"},{"taxonomy":"post_tag","embeddable":true,"href":"https:\/\/sites.ffkarate.fr\/hautegaronne\/wp-json\/wp\/v2\/tags?post=5465"}],"curies":[{"name":"wp","href":"https:\/\/api.w.org\/{rel}","templated":true}]}}