{"id":911,"date":"2016-11-28T11:52:12","date_gmt":"2016-11-28T10:52:12","guid":{"rendered":"https:\/\/sites.ffkarate.fr\/hautegaronne\/?post_type=news&amp;p=911"},"modified":"2016-11-28T11:52:12","modified_gmt":"2016-11-28T10:52:12","slug":"resultats-competitions-nationales-20162017","status":"publish","type":"post","link":"https:\/\/sites.ffkarate.fr\/hautegaronne\/2016\/11\/28\/resultats-competitions-nationales-20162017\/","title":{"rendered":"R\u00e9sultats comp\u00e9titions nationales 2016\/2017"},"content":{"rendered":"<div class=\"wpb-content-wrapper\"><p>[vc_row][vc_column][vc_column_text]<\/p>\n<h2>Coupe de France Kata MCJS 26 novembre 2016 \u00e0 Rouen<\/h2>\n<p><a href=\"https:\/\/sites.ffkarate.fr\/hautegaronne\/wp-content\/uploads\/sites\/25\/2016\/11\/Cael-Milon-Cup-1.jpg\" target=\"_blank\" rel=\"noopener\"><img decoding=\"async\" class=\"alignnone  wp-image-1045\" src=\"https:\/\/sites.ffkarate.fr\/hautegaronne\/wp-content\/uploads\/sites\/25\/2016\/11\/Cael-Milon-Cup-1-300x200.jpg\" alt=\"cael-milon-cup-1\" width=\"246\" height=\"164\" \/><\/a>\u00a0\u00a0<a href=\"https:\/\/sites.ffkarate.fr\/hautegaronne\/wp-content\/uploads\/sites\/25\/2016\/11\/J.C-CDF.jpg\" target=\"_blank\" rel=\"noopener\"><img decoding=\"async\" class=\"alignnone  wp-image-1046\" src=\"https:\/\/sites.ffkarate.fr\/hautegaronne\/wp-content\/uploads\/sites\/25\/2016\/11\/J.C-CDF-300x200.jpg\" alt=\"j-c-cdf\" width=\"246\" height=\"164\" \/><\/a><\/p>\n<p><strong>Johanna Cael<\/strong> du <strong>Karat\u00e9 Club Le Vernet<\/strong>, m\u00e9daille de bronze en junior f\u00e9minine, elle avait termin\u00e9 2\u00e8me \u00e0 la Milon Cup en septembre.<\/p>\n<p><a href=\"https:\/\/sites.ffkarate.fr\/hautegaronne\/wp-content\/uploads\/sites\/25\/2016\/11\/15181261_10211046189620088_8125716687149245799_n.jpg\" target=\"_blank\" rel=\"noopener\"><img decoding=\"async\" class=\"alignnone size-medium wp-image-1047\" src=\"https:\/\/sites.ffkarate.fr\/hautegaronne\/wp-content\/uploads\/sites\/25\/2016\/11\/15181261_10211046189620088_8125716687149245799_n-300x200.jpg\" alt=\"KC La masquere\" width=\"300\" height=\"200\" \/><\/a>\u00a0 <strong>Equipe KC Lamasqu\u00e8re<\/strong>, 3\u00e8me f\u00e9minine.<\/p>\n<p><a href=\"https:\/\/sites.ffkarate.fr\/hautegaronne\/wp-content\/uploads\/sites\/25\/2016\/11\/AMTM.jpg\" target=\"_blank\" rel=\"noopener\"><img decoding=\"async\" class=\"alignnone size-medium wp-image-1048\" src=\"https:\/\/sites.ffkarate.fr\/hautegaronne\/wp-content\/uploads\/sites\/25\/2016\/11\/AMTM-300x225.jpg\" alt=\"amtm\" width=\"300\" height=\"225\" \/><\/a>\u00a0 <a href=\"https:\/\/sites.ffkarate.fr\/hautegaronne\/wp-content\/uploads\/sites\/25\/2016\/11\/AMTM2.jpg\" target=\"_blank\" rel=\"noopener\"><img decoding=\"async\" class=\"alignnone  wp-image-1057\" src=\"https:\/\/sites.ffkarate.fr\/hautegaronne\/wp-content\/uploads\/sites\/25\/2016\/11\/AMTM2-168x300.jpg\" alt=\"amtm2\" width=\"127\" height=\"227\" \/><\/a>\u00a0\u00a0<strong>Equipe AMTM<\/strong> (Arts Martiaux Toulouse Mirail), m\u00e9daille de bronze.<\/p>\n<hr \/>\n<p>&nbsp;<\/p>\n<p><!--more--><\/p>\n<h2>Coupe de France Minimes 20 novembre 2016 \u00e0 Paris<\/h2>\n<p><strong>Mary Guet<\/strong> se classe 5eme en cat\u00e9gorie -55 kg f\u00e9minine<\/p>\n<hr \/>\n<p>&nbsp;<\/p>\n<h2>Le Hetet et Milon Cup 24 et 25 septembre 2016 \u00e0 N\u00eemes<\/h2>\n<p><a href=\"https:\/\/sites.ffkarate.fr\/hautegaronne\/wp-content\/uploads\/sites\/25\/2016\/09\/Alexandre-Pont-Mary-Guet-argent-Hetet-Cup.jpg\" target=\"_blank\" rel=\"noopener\"><img decoding=\"async\" class=\"alignnone size-medium wp-image-912\" src=\"https:\/\/sites.ffkarate.fr\/hautegaronne\/wp-content\/uploads\/sites\/25\/2016\/09\/Alexandre-Pont-Mary-Guet-argent-Hetet-Cup-300x169.jpg\" alt=\"alexandre-pont-mary-guet-argent-hetet-cup\" width=\"300\" height=\"169\" \/><\/a>\u00a0<strong>Impact Karat\u00e9 31<\/strong><\/p>\n<p><strong>Mary Guet<\/strong>, m\u00e9daille d&rsquo;argent minime f\u00e9minine, open +50kg.<\/p>\n<p><strong>Alexandre Pont<\/strong>, m\u00e9daille d&rsquo;argent cadet masculin, -57kg.<\/p>\n<p><strong>Ma\u00ebva Dario<\/strong> se classe 5\u00e8me en cadette open f\u00e9mine.<\/p>\n<p>&nbsp;<\/p>\n<p><a href=\"https:\/\/sites.ffkarate.fr\/hautegaronne\/wp-content\/uploads\/sites\/25\/2016\/09\/Cael-Milon-Cup.jpg\" target=\"_blank\" rel=\"noopener\"><img decoding=\"async\" class=\"alignnone size-medium wp-image-929\" src=\"https:\/\/sites.ffkarate.fr\/hautegaronne\/wp-content\/uploads\/sites\/25\/2016\/09\/Cael-Milon-Cup-300x200.jpg\" alt=\"cael-milon-cup\" width=\"300\" height=\"200\" \/><\/a>\u00a0 <strong>KC Le Vernet<\/strong><\/p>\n<p><strong>Johanna Ca\u00eb<\/strong>l, m\u00e9daille d&rsquo;argent junior f\u00e9minine kata.<\/p>\n<p>&nbsp;<\/p>\n<p><a href=\"https:\/\/sites.ffkarate.fr\/hautegaronne\/wp-content\/uploads\/sites\/25\/2016\/09\/Shaolin-\u00e9quipe.jpg\" target=\"_blank\" rel=\"noopener\"><img decoding=\"async\" class=\"alignnone size-medium wp-image-938\" src=\"https:\/\/sites.ffkarate.fr\/hautegaronne\/wp-content\/uploads\/sites\/25\/2016\/09\/Shaolin-\u00e9quipe-300x165.jpg\" alt=\"shaolin-equipe\" width=\"300\" height=\"165\" \/><\/a>\u00a0 <strong>Shaolin KC<\/strong><\/p>\n<p>M\u00e9daille de bronze\u00a0par \u00e9quipe combat.<\/p>\n<div><\/div>\n<div><\/div>\n<div><\/div>\n<p>[\/vc_column_text][\/vc_column][\/vc_row]<\/p>\n<\/div>","protected":false},"excerpt":{"rendered":"<p>[vc_row][vc_column][vc_column_text] Coupe de France Kata MCJS 26 novembre 2016 \u00e0 Rouen \u00a0\u00a0 Johanna Cael du Karat\u00e9 Club Le Vernet, m\u00e9daille de bronze en junior f\u00e9minine, elle avait termin\u00e9 2\u00e8me \u00e0 la Milon Cup en septembre. \u00a0 Equipe KC Lamasqu\u00e8re, 3\u00e8me f\u00e9minine. \u00a0 \u00a0\u00a0Equipe AMTM (Arts Martiaux Toulouse Mirail), m\u00e9daille de bronze. &nbsp;<\/p>\n","protected":false},"author":20,"featured_media":1046,"comment_status":"closed","ping_status":"closed","sticky":false,"template":"","format":"standard","meta":{"footnotes":""},"categories":[1],"tags":[],"class_list":["post-911","post","type-post","status-publish","format-standard","hentry","category-non-classe"],"_links":{"self":[{"href":"https:\/\/sites.ffkarate.fr\/hautegaronne\/wp-json\/wp\/v2\/posts\/911","targetHints":{"allow":["GET"]}}],"collection":[{"href":"https:\/\/sites.ffkarate.fr\/hautegaronne\/wp-json\/wp\/v2\/posts"}],"about":[{"href":"https:\/\/sites.ffkarate.fr\/hautegaronne\/wp-json\/wp\/v2\/types\/post"}],"author":[{"embeddable":true,"href":"https:\/\/sites.ffkarate.fr\/hautegaronne\/wp-json\/wp\/v2\/users\/20"}],"replies":[{"embeddable":true,"href":"https:\/\/sites.ffkarate.fr\/hautegaronne\/wp-json\/wp\/v2\/comments?post=911"}],"version-history":[{"count":0,"href":"https:\/\/sites.ffkarate.fr\/hautegaronne\/wp-json\/wp\/v2\/posts\/911\/revisions"}],"wp:featuredmedia":[{"embeddable":true,"href":"https:\/\/sites.ffkarate.fr\/hautegaronne\/wp-json\/wp\/v2\/media\/1046"}],"wp:attachment":[{"href":"https:\/\/sites.ffkarate.fr\/hautegaronne\/wp-json\/wp\/v2\/media?parent=911"}],"wp:term":[{"taxonomy":"category","embeddable":true,"href":"https:\/\/sites.ffkarate.fr\/hautegaronne\/wp-json\/wp\/v2\/categories?post=911"},{"taxonomy":"post_tag","embeddable":true,"href":"https:\/\/sites.ffkarate.fr\/hautegaronne\/wp-json\/wp\/v2\/tags?post=911"}],"curies":[{"name":"wp","href":"https:\/\/api.w.org\/{rel}","templated":true}]}}