{"id":460,"date":"2022-03-09T08:01:19","date_gmt":"2022-03-09T07:01:19","guid":{"rendered":"https:\/\/sites.ffkarate.fr\/hautesaone\/?p=460"},"modified":"2022-03-09T08:05:27","modified_gmt":"2022-03-09T07:05:27","slug":"bravo-a-raymond-petitjean-et-pierre-brunet-pour-le-stage-karate-sante","status":"publish","type":"post","link":"https:\/\/sites.ffkarate.fr\/hautesaone\/2022\/03\/09\/bravo-a-raymond-petitjean-et-pierre-brunet-pour-le-stage-karate-sante\/","title":{"rendered":"Bravo \u00e0 Raymond PETITJEAN et Pierre BRUNET pour le stage Karat\u00e9 Sant\u00e9"},"content":{"rendered":"<div class=\"wpb-content-wrapper\"><p>[vc_row][vc_column][vc_column_text]<a href=\"https:\/\/sites.ffkarate.fr\/jura\/karate-sante-seniores\/\"><img decoding=\"async\" class=\"alignnone wp-image-462 size-full\" src=\"https:\/\/sites.ffkarate.fr\/hautesaone\/wp-content\/uploads\/sites\/54\/2022\/03\/Diapositive1.jpg\" alt=\"\" width=\"793\" height=\"1096\" srcset=\"https:\/\/sites.ffkarate.fr\/hautesaone\/wp-content\/uploads\/sites\/54\/2022\/03\/Diapositive1.jpg 793w, https:\/\/sites.ffkarate.fr\/hautesaone\/wp-content\/uploads\/sites\/54\/2022\/03\/Diapositive1-217x300.jpg 217w, https:\/\/sites.ffkarate.fr\/hautesaone\/wp-content\/uploads\/sites\/54\/2022\/03\/Diapositive1-741x1024.jpg 741w, https:\/\/sites.ffkarate.fr\/hautesaone\/wp-content\/uploads\/sites\/54\/2022\/03\/Diapositive1-768x1061.jpg 768w\" sizes=\"(max-width: 793px) 100vw, 793px\" \/><\/a><\/p>\n<h3>Cliquez dans l&rsquo;image pour plus d&rsquo;infos sur le karat\u00e9 sant\u00e9<\/h3>\n<p><a href=\"https:\/\/sites.ffkarate.fr\/jura\/karate-sante-seniores\/\"><img decoding=\"async\" class=\"alignnone wp-image-463 size-full\" src=\"https:\/\/sites.ffkarate.fr\/hautesaone\/wp-content\/uploads\/sites\/54\/2022\/03\/Diapositive2.jpg\" alt=\"\" width=\"793\" height=\"1096\" srcset=\"https:\/\/sites.ffkarate.fr\/hautesaone\/wp-content\/uploads\/sites\/54\/2022\/03\/Diapositive2.jpg 793w, https:\/\/sites.ffkarate.fr\/hautesaone\/wp-content\/uploads\/sites\/54\/2022\/03\/Diapositive2-217x300.jpg 217w, https:\/\/sites.ffkarate.fr\/hautesaone\/wp-content\/uploads\/sites\/54\/2022\/03\/Diapositive2-741x1024.jpg 741w, https:\/\/sites.ffkarate.fr\/hautesaone\/wp-content\/uploads\/sites\/54\/2022\/03\/Diapositive2-768x1061.jpg 768w\" sizes=\"(max-width: 793px) 100vw, 793px\" \/><\/a>[\/vc_column_text][\/vc_column][\/vc_row]<\/p>\n<\/div>","protected":false},"excerpt":{"rendered":"<p>[vc_row][vc_column][vc_column_text] Cliquez dans l&rsquo;image pour plus d&rsquo;infos sur le karat\u00e9 sant\u00e9 [\/vc_column_text][\/vc_column][\/vc_row]<\/p>\n","protected":false},"author":100,"featured_media":0,"comment_status":"closed","ping_status":"closed","sticky":false,"template":"","format":"standard","meta":{"footnotes":""},"categories":[1],"tags":[],"class_list":["post-460","post","type-post","status-publish","format-standard","hentry","category-non-classe"],"_links":{"self":[{"href":"https:\/\/sites.ffkarate.fr\/hautesaone\/wp-json\/wp\/v2\/posts\/460","targetHints":{"allow":["GET"]}}],"collection":[{"href":"https:\/\/sites.ffkarate.fr\/hautesaone\/wp-json\/wp\/v2\/posts"}],"about":[{"href":"https:\/\/sites.ffkarate.fr\/hautesaone\/wp-json\/wp\/v2\/types\/post"}],"author":[{"embeddable":true,"href":"https:\/\/sites.ffkarate.fr\/hautesaone\/wp-json\/wp\/v2\/users\/100"}],"replies":[{"embeddable":true,"href":"https:\/\/sites.ffkarate.fr\/hautesaone\/wp-json\/wp\/v2\/comments?post=460"}],"version-history":[{"count":3,"href":"https:\/\/sites.ffkarate.fr\/hautesaone\/wp-json\/wp\/v2\/posts\/460\/revisions"}],"predecessor-version":[{"id":465,"href":"https:\/\/sites.ffkarate.fr\/hautesaone\/wp-json\/wp\/v2\/posts\/460\/revisions\/465"}],"wp:attachment":[{"href":"https:\/\/sites.ffkarate.fr\/hautesaone\/wp-json\/wp\/v2\/media?parent=460"}],"wp:term":[{"taxonomy":"category","embeddable":true,"href":"https:\/\/sites.ffkarate.fr\/hautesaone\/wp-json\/wp\/v2\/categories?post=460"},{"taxonomy":"post_tag","embeddable":true,"href":"https:\/\/sites.ffkarate.fr\/hautesaone\/wp-json\/wp\/v2\/tags?post=460"}],"curies":[{"name":"wp","href":"https:\/\/api.w.org\/{rel}","templated":true}]}}