{"id":2624,"date":"2018-01-07T22:52:10","date_gmt":"2018-01-07T21:52:10","guid":{"rendered":"https:\/\/sites.ffkarate.fr\/hautesavoie\/?post_type=news&amp;p=2624"},"modified":"2018-01-07T22:52:10","modified_gmt":"2018-01-07T21:52:10","slug":"kumite-departement-20172018","status":"publish","type":"post","link":"https:\/\/sites.ffkarate.fr\/hautesavoie\/2018\/01\/07\/kumite-departement-20172018\/","title":{"rendered":"KUMITE \u2013 D\u00e9partement \u2013 2017\/2018"},"content":{"rendered":"<div class=\"wpb-content-wrapper\"><p>[vc_row][vc_column][vc_column_text]Premi\u00e8re comp\u00e9tition 2018 juste avant de reprendre l\u2019\u00e9cole. Plus grosse participation de l&rsquo;ann\u00e9e.<\/p>\n<ul>\n<li>Nombre d&rsquo;inscrits : <strong>200<\/strong><\/li>\n<li>Nombre de participants : <strong>148<\/strong><\/li>\n<li>Date : <strong>07 janvier 2018<br \/>\n<\/strong><\/li>\n<li>Lieu : <strong>Thonon-les-Bains<\/strong><\/li>\n<\/ul>\n<p>Lien pour r\u00e9cup\u00e9rer l&rsquo;ensemble des photos prises par le d\u00e9partement : <a href=\"http:\/\/dl.free.fr\/eZVqW7MHb\" target=\"_blank\" rel=\"noopener\">http:\/\/dl.free.fr\/eZVqW7MHb<\/a><\/p>\n<p>Si le lien n\u2019est plus actif, faites un mail \u00e0 <a href=\"mailto:webmaster.ffkda74@gmail.com\">webmaster.ffkda74@gmail.com<\/a><\/p>\n<div id=\"attachment_2641\" style=\"width: 310px\" class=\"wp-caption aligncenter\"><a href=\"https:\/\/sites.ffkarate.fr\/hautesavoie\/?p=2625\"><img decoding=\"async\" aria-describedby=\"caption-attachment-2641\" class=\"wp-image-2641 size-medium\" src=\"https:\/\/sites.ffkarate.fr\/hautesavoie\/wp-content\/uploads\/sites\/53\/2018\/01\/2018.01.07-Banniere-300x143.jpg\" alt=\"2018.01.07-Banniere\" width=\"300\" height=\"143\" \/><\/a><p id=\"caption-attachment-2641\" class=\"wp-caption-text\">Galerie photos<\/p><\/div>[\/vc_column_text][\/vc_column][\/vc_row]<\/p>\n<\/div>","protected":false},"excerpt":{"rendered":"<p>[vc_row][vc_column][vc_column_text]Premi\u00e8re comp\u00e9tition 2018 juste avant de reprendre l\u2019\u00e9cole. Plus grosse participation de l&rsquo;ann\u00e9e. Nombre d&rsquo;inscrits : 200 Nombre de participants : 148 Date : 07 janvier 2018 Lieu : Thonon-les-Bains Lien pour r\u00e9cup\u00e9rer l&rsquo;ensemble des photos prises par le d\u00e9partement : http:\/\/dl.free.fr\/eZVqW7MHb Si le lien n\u2019est plus actif, faites un mail \u00e0 webmaster.ffkda74@gmail.com [\/vc_column_text][\/vc_column][\/vc_row]<\/p>\n","protected":false},"author":94,"featured_media":2641,"comment_status":"closed","ping_status":"closed","sticky":false,"template":"","format":"standard","meta":{"footnotes":""},"categories":[1],"tags":[],"class_list":["post-2624","post","type-post","status-publish","format-standard","hentry","category-non-classe"],"_links":{"self":[{"href":"https:\/\/sites.ffkarate.fr\/hautesavoie\/wp-json\/wp\/v2\/posts\/2624","targetHints":{"allow":["GET"]}}],"collection":[{"href":"https:\/\/sites.ffkarate.fr\/hautesavoie\/wp-json\/wp\/v2\/posts"}],"about":[{"href":"https:\/\/sites.ffkarate.fr\/hautesavoie\/wp-json\/wp\/v2\/types\/post"}],"author":[{"embeddable":true,"href":"https:\/\/sites.ffkarate.fr\/hautesavoie\/wp-json\/wp\/v2\/users\/94"}],"replies":[{"embeddable":true,"href":"https:\/\/sites.ffkarate.fr\/hautesavoie\/wp-json\/wp\/v2\/comments?post=2624"}],"version-history":[{"count":0,"href":"https:\/\/sites.ffkarate.fr\/hautesavoie\/wp-json\/wp\/v2\/posts\/2624\/revisions"}],"wp:featuredmedia":[{"embeddable":true,"href":"https:\/\/sites.ffkarate.fr\/hautesavoie\/wp-json\/wp\/v2\/media\/2641"}],"wp:attachment":[{"href":"https:\/\/sites.ffkarate.fr\/hautesavoie\/wp-json\/wp\/v2\/media?parent=2624"}],"wp:term":[{"taxonomy":"category","embeddable":true,"href":"https:\/\/sites.ffkarate.fr\/hautesavoie\/wp-json\/wp\/v2\/categories?post=2624"},{"taxonomy":"post_tag","embeddable":true,"href":"https:\/\/sites.ffkarate.fr\/hautesavoie\/wp-json\/wp\/v2\/tags?post=2624"}],"curies":[{"name":"wp","href":"https:\/\/api.w.org\/{rel}","templated":true}]}}