{"id":3185,"date":"2019-05-18T18:07:22","date_gmt":"2019-05-18T16:07:22","guid":{"rendered":"https:\/\/sites.ffkarate.fr\/hautesavoie\/?post_type=news&amp;p=3185"},"modified":"2019-05-18T18:07:22","modified_gmt":"2019-05-18T16:07:22","slug":"stage-karate-kobudo","status":"publish","type":"post","link":"https:\/\/sites.ffkarate.fr\/hautesavoie\/2019\/05\/18\/stage-karate-kobudo\/","title":{"rendered":"Stage d\u00e9partemental Karat\u00e9 \/ Kobudo"},"content":{"rendered":"<div class=\"wpb-content-wrapper\"><p>[vc_row][vc_column][vc_column_text]Un joli succ\u00e8s pour une nouvelle formule de stage d\u00e9partemental propos\u00e9 un parall\u00e8le entre le Karat\u00e9 et le Kobudo durant 3h. Une quarantaine de participants s&rsquo;\u00e9taient donn\u00e9 rendez-vous sur Annecy, o\u00f9 le club d&rsquo;Annecy Karat\u00e9 accueillait ce stage au Gymnase de la Plaine.<\/p>\n<p>Les participants ont pu fait une retour au fondamentaux de Karat\u00e9 avec Raymond DUMONT (8e Dan) et ensuite d\u00e9couvrir le tonfa pour la plupart avec Jean-Pierre VERDIER (5e Dan).<\/p>\n<p>&nbsp;<\/p>\n<p>Lien vers les photos :<a href=\"http:\/\/dl.free.fr\/mOnFyNl3p\" target=\"_blank\" rel=\"noopener\"> Cliquez ici<\/a><\/p>\n<p><a href=\"https:\/\/sites.ffkarate.fr\/hautesavoie\/wp-content\/uploads\/sites\/53\/2019\/06\/20190518-Stage_Karate_Kobudo_banniere.jpg\"><img decoding=\"async\" class=\"aligncenter size-medium wp-image-3186\" src=\"https:\/\/sites.ffkarate.fr\/hautesavoie\/wp-content\/uploads\/sites\/53\/2019\/06\/20190518-Stage_Karate_Kobudo_banniere-300x143.jpg\" alt=\"20190518-Stage_Karate_Kobudo_banniere\" width=\"300\" height=\"143\" \/><\/a>[\/vc_column_text][\/vc_column][\/vc_row]<\/p>\n<\/div>","protected":false},"excerpt":{"rendered":"<p>[vc_row][vc_column][vc_column_text]Un joli succ\u00e8s pour une nouvelle formule de stage d\u00e9partemental propos\u00e9 un parall\u00e8le entre le Karat\u00e9 et le Kobudo durant 3h. Une quarantaine de participants s&rsquo;\u00e9taient donn\u00e9 rendez-vous sur Annecy, o\u00f9 le club d&rsquo;Annecy Karat\u00e9 accueillait ce stage au Gymnase de la Plaine. Les participants ont pu fait une retour au fondamentaux de Karat\u00e9 avec [&hellip;]<\/p>\n","protected":false},"author":94,"featured_media":3186,"comment_status":"closed","ping_status":"closed","sticky":false,"template":"","format":"standard","meta":{"footnotes":""},"categories":[1],"tags":[],"class_list":["post-3185","post","type-post","status-publish","format-standard","hentry","category-non-classe"],"_links":{"self":[{"href":"https:\/\/sites.ffkarate.fr\/hautesavoie\/wp-json\/wp\/v2\/posts\/3185","targetHints":{"allow":["GET"]}}],"collection":[{"href":"https:\/\/sites.ffkarate.fr\/hautesavoie\/wp-json\/wp\/v2\/posts"}],"about":[{"href":"https:\/\/sites.ffkarate.fr\/hautesavoie\/wp-json\/wp\/v2\/types\/post"}],"author":[{"embeddable":true,"href":"https:\/\/sites.ffkarate.fr\/hautesavoie\/wp-json\/wp\/v2\/users\/94"}],"replies":[{"embeddable":true,"href":"https:\/\/sites.ffkarate.fr\/hautesavoie\/wp-json\/wp\/v2\/comments?post=3185"}],"version-history":[{"count":0,"href":"https:\/\/sites.ffkarate.fr\/hautesavoie\/wp-json\/wp\/v2\/posts\/3185\/revisions"}],"wp:featuredmedia":[{"embeddable":true,"href":"https:\/\/sites.ffkarate.fr\/hautesavoie\/wp-json\/wp\/v2\/media\/3186"}],"wp:attachment":[{"href":"https:\/\/sites.ffkarate.fr\/hautesavoie\/wp-json\/wp\/v2\/media?parent=3185"}],"wp:term":[{"taxonomy":"category","embeddable":true,"href":"https:\/\/sites.ffkarate.fr\/hautesavoie\/wp-json\/wp\/v2\/categories?post=3185"},{"taxonomy":"post_tag","embeddable":true,"href":"https:\/\/sites.ffkarate.fr\/hautesavoie\/wp-json\/wp\/v2\/tags?post=3185"}],"curies":[{"name":"wp","href":"https:\/\/api.w.org\/{rel}","templated":true}]}}