{"id":4324,"date":"2024-04-12T15:56:15","date_gmt":"2024-04-12T13:56:15","guid":{"rendered":"https:\/\/sites.ffkarate.fr\/hautesavoie\/?p=4324"},"modified":"2024-04-12T15:56:15","modified_gmt":"2024-04-12T13:56:15","slug":"passage-de-grades-juin-2024","status":"publish","type":"post","link":"https:\/\/sites.ffkarate.fr\/hautesavoie\/2024\/04\/12\/passage-de-grades-juin-2024\/","title":{"rendered":"Passage de grades &#8211; Juin 2024"},"content":{"rendered":"<div class=\"wpb-content-wrapper\"><p>[vc_row][vc_column][vc_column_text]Mesdames, Messieurs les pr\u00e9sidents de clubs,<\/p>\n<p>&nbsp;<\/p>\n<p>Le Comit\u00e9 de la Haute-Savoie de Karat\u00e9 et disciplines associ\u00e9es, vous informe que les inscriptions pour la seconde session des passages de grades du 1<sup>er<\/sup>\u00a0au 4<sup>\u00e8me<\/sup>\u00a0Dan sont ouvertes.<\/p>\n<p>&nbsp;<\/p>\n<ul>\n<li>Samedi apr\u00e8s-midi 8 Juin 2024 pour le passage 3<sup>\u00e8me<\/sup> et 4<sup>\u00e8me<\/sup> Dan.<\/li>\n<\/ul>\n<p>Lieu\u00a0: Gymnase municipal Lucien VEYRAT \u2013 Rue de la Paix \u2013 74100 AMBILLY<\/p>\n<p>&nbsp;<\/p>\n<ul>\n<li>Dimanche matin 9 Juin 2024 pour le passage 1<sup>er<\/sup> et 2<sup>\u00e8me<\/sup> Dan.<\/li>\n<\/ul>\n<p>Lieu\u00a0: Gymnase municipal Lucien VEYRAT \u2013 Rue de la Paix \u2013 74100 AMBILLY<\/p>\n<p>&nbsp;<\/p>\n<p>Vous pouvez d\u00e8s maintenant pr\u00e9-inscrire vos adh\u00e9rents, directement sur le site du CDK 74 DA ou par le biais du lien suivant : <a href=\"http:\/\/codg.ffkda74.free.fr\/\" data-saferedirecturl=\"https:\/\/www.google.com\/url?q=http:\/\/codg.ffkda74.free.fr\/&amp;source=gmail&amp;ust=1713016255645000&amp;usg=AOvVaw0eYIzlNSd9twQkO40Bw7Ir\" target=\"_blank\" rel=\"noopener\">http:\/\/codg.ffkda74.free.fr\/<\/a>, un mail de confirmation vous sera envoy\u00e9.<\/p>\n<p>&nbsp;<\/p>\n<p>Lors de celle-ci, attention de bien tenir compte des menus d\u00e9roulants, ceci en fonction de la date de l\u2019examen, en rapport avec le Dan choisi.<\/p>\n<p>&nbsp;<\/p>\n<p>Une fois le formulaire rempli et g\u00e9n\u00e9r\u00e9, <span style=\"color: #800000\"><strong>vous aurez 2 documents \u00e0 t\u00e9l\u00e9charger<\/strong><\/span> (proc\u00e9dure d\u00e9crite sur le site) puis la version PDF compl\u00e9t\u00e9e avec vos informations sera \u00e0 imprimer, signer et renvoyer avec l\u2019ensemble des pi\u00e8ces demand\u00e9es.<\/p>\n<p>&nbsp;<\/p>\n<p>Vous trouverez toutes les informations sur la page de\u00a0<em>la<\/em>\u00a0<em>Commission d\u2019organisation d\u00e9partementale des grades<\/em>\u00a0(CODG).<\/p>\n<p>&nbsp;<\/p>\n<p>Le dossier d\u2019inscription complet sera \u00e0 envoyer \u00e0 l\u2019adresse du CDK 74 DA \u2013 Commission des Grades \u2013 47 Chemin des Lunes \u2013 74330 POISY.<\/p>\n<p><strong><em><u>Date limite de r\u00e9ception des dossiers, le Jeudi 11 Mai 2024.<\/u><\/em><\/strong><\/p>\n<p><strong>Pour rappel, tout dossier non r\u00e9ceptionn\u00e9 en date et complet, ne sera pas accept\u00e9<\/strong>.<\/p>\n<p>&nbsp;<\/p>\n<p>La convocation vous sera exp\u00e9di\u00e9e par courrier au minimum 15 jours avant l\u2019examen, elle pr\u00e9cisera le jour, l\u2019horaire et le lieu du passage.<\/p>\n<p>&nbsp;<\/p>\n<p>Cordialement<\/p>\n<p>&nbsp;<\/p>\n<p>Pour le responsable des grades d\u00e9partemental DUMONT Raymond<\/p>\n<p>Laurent JAILLET \/ Secr\u00e9taire adjoint<\/p>\n<p>&nbsp;<\/p>\n<p>COMITE DEPARTEMENTAL KARATE ET DISCIPLINES ASSOCI\u00c9ES 74<\/p>\n<p>47 Chemin des lunes \/ 74370 Poisy[\/vc_column_text][\/vc_column][\/vc_row]<\/p>\n<\/div>","protected":false},"excerpt":{"rendered":"<p>[vc_row][vc_column][vc_column_text]Mesdames, Messieurs les pr\u00e9sidents de clubs, &nbsp; Le Comit\u00e9 de la Haute-Savoie de Karat\u00e9 et disciplines associ\u00e9es, vous informe que les inscriptions pour la seconde session des passages de grades du 1er\u00a0au 4\u00e8me\u00a0Dan sont ouvertes. &nbsp; Samedi apr\u00e8s-midi 8 Juin 2024 pour le passage 3\u00e8me et 4\u00e8me Dan. Lieu\u00a0: Gymnase municipal Lucien VEYRAT \u2013 Rue [&hellip;]<\/p>\n","protected":false},"author":94,"featured_media":2125,"comment_status":"closed","ping_status":"closed","sticky":false,"template":"","format":"standard","meta":{"footnotes":""},"categories":[12],"tags":[],"class_list":["post-4324","post","type-post","status-publish","format-standard","hentry","category-grades"],"_links":{"self":[{"href":"https:\/\/sites.ffkarate.fr\/hautesavoie\/wp-json\/wp\/v2\/posts\/4324","targetHints":{"allow":["GET"]}}],"collection":[{"href":"https:\/\/sites.ffkarate.fr\/hautesavoie\/wp-json\/wp\/v2\/posts"}],"about":[{"href":"https:\/\/sites.ffkarate.fr\/hautesavoie\/wp-json\/wp\/v2\/types\/post"}],"author":[{"embeddable":true,"href":"https:\/\/sites.ffkarate.fr\/hautesavoie\/wp-json\/wp\/v2\/users\/94"}],"replies":[{"embeddable":true,"href":"https:\/\/sites.ffkarate.fr\/hautesavoie\/wp-json\/wp\/v2\/comments?post=4324"}],"version-history":[{"count":1,"href":"https:\/\/sites.ffkarate.fr\/hautesavoie\/wp-json\/wp\/v2\/posts\/4324\/revisions"}],"predecessor-version":[{"id":4325,"href":"https:\/\/sites.ffkarate.fr\/hautesavoie\/wp-json\/wp\/v2\/posts\/4324\/revisions\/4325"}],"wp:featuredmedia":[{"embeddable":true,"href":"https:\/\/sites.ffkarate.fr\/hautesavoie\/wp-json\/wp\/v2\/media\/2125"}],"wp:attachment":[{"href":"https:\/\/sites.ffkarate.fr\/hautesavoie\/wp-json\/wp\/v2\/media?parent=4324"}],"wp:term":[{"taxonomy":"category","embeddable":true,"href":"https:\/\/sites.ffkarate.fr\/hautesavoie\/wp-json\/wp\/v2\/categories?post=4324"},{"taxonomy":"post_tag","embeddable":true,"href":"https:\/\/sites.ffkarate.fr\/hautesavoie\/wp-json\/wp\/v2\/tags?post=4324"}],"curies":[{"name":"wp","href":"https:\/\/api.w.org\/{rel}","templated":true}]}}