{"id":1105,"date":"2023-03-23T23:26:27","date_gmt":"2023-03-23T22:26:27","guid":{"rendered":"https:\/\/sites.ffkarate.fr\/hautevienne\/?p=1105"},"modified":"2023-03-23T23:26:27","modified_gmt":"2023-03-23T22:26:27","slug":"le-vendredi-17-mars-2023-le-club-de-karate-dambazac-a-eu-le-plaisir-de-recevoir-en-presence-de-gilles-serviere-president-du-cdk-87-patrice-delmas-responsable-du-comite-departemental-darbitrage","status":"publish","type":"post","link":"https:\/\/sites.ffkarate.fr\/hautevienne\/2023\/03\/23\/le-vendredi-17-mars-2023-le-club-de-karate-dambazac-a-eu-le-plaisir-de-recevoir-en-presence-de-gilles-serviere-president-du-cdk-87-patrice-delmas-responsable-du-comite-departemental-darbitrage\/","title":{"rendered":"Le vendredi 17 mars 2023 le club de Karat\u00e9 d&rsquo;AMBAZAC  a eu le plaisir de recevoir, en pr\u00e9sence de Gilles SERVIERE Pr\u00e9sident du CDK 87, Patrice DELMAS Responsable du Comit\u00e9 D\u00e9partemental d&rsquo;Arbitrage 87\/23 (CDA 87\/23) &#8211; pour une animation sp\u00e9cifique d\u00e9di\u00e9e \u00e0 l&rsquo;arbitrage."},"content":{"rendered":"<div class=\"wpb-content-wrapper\"><p>[vc_row][vc_column][vc_column_text]<strong>Dans la continuit\u00e9 de faire d\u00e9couvrir l\u2019arbitrage<\/strong> aux clubs volontaires\u00a0 de la Haute-Vienne et de la Creuse, le <strong>Club de Karat\u00e9 d&rsquo;AMBAZAC\u00a0 <\/strong>a eu le plaisir d&rsquo;accueillir le vendredi 17 mars 2023 <strong>Patrice\u00a0 DELMAS<\/strong>\u00a0 Responsable de la Commission D\u00e9partemental d\u2019Arbitrage. <strong>Cet \u00e9v\u00e8nement s&rsquo;est d\u00e9roul\u00e9 en pr\u00e9sence de<\/strong> <strong>Gilles SERVIERE Pr\u00e9sident du CDK 87.<\/strong><\/p>\n<p><strong>Le Club de Karat\u00e9 d&rsquo;AMBAZAC,<\/strong>\u00a0 en pleine renaissance, aspire de nouveau \u00e0 participer aux diverses\u00a0 comp\u00e9titions organis\u00e9es par le CDK87 et la ZID du Limousin.\u00a0 A l&rsquo;occasion de cette animation, tous les participants ont d\u00e9montr\u00e9 un vif int\u00e9r\u00eat \u00e0 l&rsquo;\u00e9gard de l&rsquo;Arbitrage. Les interrogations et questions ont \u00e9t\u00e9 nombreuses et \u00e0 la hauteur du dynamisme du Club.<strong> BRAVO \u00e0 tous les participants.<\/strong><\/p>\n<p><strong>Gilles SERVIERE<\/strong> Pr\u00e9sident du CDK 87,\u00a0 suite au dernier examen de passages de grades organis\u00e9 par le d\u00e9partement, a remis, avec toutes ses f\u00e9licitations, un dipl\u00f4me de Ceinture Noire.<\/p>\n<p>La CDA 87\/23 remercie le Pr\u00e9sident, le Professeur et tous les stagiaires du Club de Karat\u00e9 d&rsquo;AMBAZAC pour la qualit\u00e9 de leur accueil \u00e0 la hauteur d&rsquo;une r\u00e9elle motivation.<\/p>\n<p><strong>PHOTOS <\/strong>\u00a0<strong>ci-dessous<\/strong> =&gt; <strong>les t\u00e9l\u00e9charger<\/strong> en cliquant sur <a href=\"https:\/\/sites.ffkarate.fr\/hautevienne\/wp-content\/uploads\/sites\/142\/2023\/03\/IMG_20230318_134058-scaled.jpg\"><em><strong>Photo 1<\/strong><\/em><\/a> et sur <a href=\"https:\/\/sites.ffkarate.fr\/hautevienne\/wp-content\/uploads\/sites\/142\/2023\/03\/IMG_20230318_133947-scaled.jpg\"><em><strong>Photo 2<\/strong><\/em><\/a><\/p>\n<p><img decoding=\"async\" class=\"alignnone size-medium wp-image-1104\" src=\"https:\/\/sites.ffkarate.fr\/hautevienne\/wp-content\/uploads\/sites\/142\/2023\/03\/IMG_20230318_134058-300x225.jpg\" alt=\"\" width=\"300\" height=\"225\" srcset=\"https:\/\/sites.ffkarate.fr\/hautevienne\/wp-content\/uploads\/sites\/142\/2023\/03\/IMG_20230318_134058-300x225.jpg 300w, https:\/\/sites.ffkarate.fr\/hautevienne\/wp-content\/uploads\/sites\/142\/2023\/03\/IMG_20230318_134058-1024x768.jpg 1024w, https:\/\/sites.ffkarate.fr\/hautevienne\/wp-content\/uploads\/sites\/142\/2023\/03\/IMG_20230318_134058-768x576.jpg 768w, https:\/\/sites.ffkarate.fr\/hautevienne\/wp-content\/uploads\/sites\/142\/2023\/03\/IMG_20230318_134058-1536x1152.jpg 1536w, https:\/\/sites.ffkarate.fr\/hautevienne\/wp-content\/uploads\/sites\/142\/2023\/03\/IMG_20230318_134058-2048x1536.jpg 2048w, https:\/\/sites.ffkarate.fr\/hautevienne\/wp-content\/uploads\/sites\/142\/2023\/03\/IMG_20230318_134058-400x300.jpg 400w\" sizes=\"(max-width: 300px) 100vw, 300px\" \/><img decoding=\"async\" class=\"alignnone size-medium wp-image-1103\" src=\"https:\/\/sites.ffkarate.fr\/hautevienne\/wp-content\/uploads\/sites\/142\/2023\/03\/IMG_20230318_133947-300x225.jpg\" alt=\"\" width=\"300\" height=\"225\" srcset=\"https:\/\/sites.ffkarate.fr\/hautevienne\/wp-content\/uploads\/sites\/142\/2023\/03\/IMG_20230318_133947-300x225.jpg 300w, https:\/\/sites.ffkarate.fr\/hautevienne\/wp-content\/uploads\/sites\/142\/2023\/03\/IMG_20230318_133947-1024x768.jpg 1024w, https:\/\/sites.ffkarate.fr\/hautevienne\/wp-content\/uploads\/sites\/142\/2023\/03\/IMG_20230318_133947-768x576.jpg 768w, https:\/\/sites.ffkarate.fr\/hautevienne\/wp-content\/uploads\/sites\/142\/2023\/03\/IMG_20230318_133947-1536x1152.jpg 1536w, https:\/\/sites.ffkarate.fr\/hautevienne\/wp-content\/uploads\/sites\/142\/2023\/03\/IMG_20230318_133947-2048x1536.jpg 2048w, https:\/\/sites.ffkarate.fr\/hautevienne\/wp-content\/uploads\/sites\/142\/2023\/03\/IMG_20230318_133947-400x300.jpg 400w\" sizes=\"(max-width: 300px) 100vw, 300px\" \/>[\/vc_column_text][\/vc_column][\/vc_row]<\/p>\n<\/div>","protected":false},"excerpt":{"rendered":"<p>[vc_row][vc_column][vc_column_text]Dans la continuit\u00e9 de faire d\u00e9couvrir l\u2019arbitrage aux clubs volontaires\u00a0 de la Haute-Vienne et de la Creuse, le Club de Karat\u00e9 d&rsquo;AMBAZAC\u00a0 a eu le plaisir d&rsquo;accueillir le vendredi 17 mars 2023 Patrice\u00a0 DELMAS\u00a0 Responsable de la Commission D\u00e9partemental d\u2019Arbitrage. Cet \u00e9v\u00e8nement s&rsquo;est d\u00e9roul\u00e9 en pr\u00e9sence de Gilles SERVIERE Pr\u00e9sident du CDK 87. Le Club [&hellip;]<\/p>\n","protected":false},"author":210,"featured_media":0,"comment_status":"closed","ping_status":"closed","sticky":false,"template":"","format":"standard","meta":{"footnotes":""},"categories":[5,8,14,19],"tags":[],"class_list":["post-1105","post","type-post","status-publish","format-standard","hentry","category-actualites","category-arbitrage","category-karate","category-stages"],"_links":{"self":[{"href":"https:\/\/sites.ffkarate.fr\/hautevienne\/wp-json\/wp\/v2\/posts\/1105","targetHints":{"allow":["GET"]}}],"collection":[{"href":"https:\/\/sites.ffkarate.fr\/hautevienne\/wp-json\/wp\/v2\/posts"}],"about":[{"href":"https:\/\/sites.ffkarate.fr\/hautevienne\/wp-json\/wp\/v2\/types\/post"}],"author":[{"embeddable":true,"href":"https:\/\/sites.ffkarate.fr\/hautevienne\/wp-json\/wp\/v2\/users\/210"}],"replies":[{"embeddable":true,"href":"https:\/\/sites.ffkarate.fr\/hautevienne\/wp-json\/wp\/v2\/comments?post=1105"}],"version-history":[{"count":6,"href":"https:\/\/sites.ffkarate.fr\/hautevienne\/wp-json\/wp\/v2\/posts\/1105\/revisions"}],"predecessor-version":[{"id":1111,"href":"https:\/\/sites.ffkarate.fr\/hautevienne\/wp-json\/wp\/v2\/posts\/1105\/revisions\/1111"}],"wp:attachment":[{"href":"https:\/\/sites.ffkarate.fr\/hautevienne\/wp-json\/wp\/v2\/media?parent=1105"}],"wp:term":[{"taxonomy":"category","embeddable":true,"href":"https:\/\/sites.ffkarate.fr\/hautevienne\/wp-json\/wp\/v2\/categories?post=1105"},{"taxonomy":"post_tag","embeddable":true,"href":"https:\/\/sites.ffkarate.fr\/hautevienne\/wp-json\/wp\/v2\/tags?post=1105"}],"curies":[{"name":"wp","href":"https:\/\/api.w.org\/{rel}","templated":true}]}}