{"id":1215,"date":"2023-05-16T18:08:01","date_gmt":"2023-05-16T16:08:01","guid":{"rendered":"https:\/\/sites.ffkarate.fr\/hautevienne\/?p=1215"},"modified":"2023-05-16T18:29:47","modified_gmt":"2023-05-16T16:29:47","slug":"le-comite-departemental-de-karate-de-la-correze-organise-le-4-juin-2023-une-animation-kumite-a-destinations-des-mini-poussins-poussins-et-pupilles-au-dojo-municipal-de-brive-avenue-leo-lagr","status":"publish","type":"post","link":"https:\/\/sites.ffkarate.fr\/hautevienne\/2023\/05\/16\/le-comite-departemental-de-karate-de-la-correze-organise-le-4-juin-2023-une-animation-kumite-a-destinations-des-mini-poussins-poussins-et-pupilles-au-dojo-municipal-de-brive-avenue-leo-lagr\/","title":{"rendered":"Le Comit\u00e9 d\u00e9partemental de Karat\u00e9 de la Corr\u00e8ze organise le 4 Juin 2023 une ANIMATION KUMITE \u00e0 destinations des mini-poussins, poussins et pupilles au Dojo Municipal de Brive \u2013 avenue L\u00e9o Lagrange 19100 BRIVE. Cette animation est ouverte aussi au d\u00e9partement de la Haute-Vienne. Inscription en ligne, au pr\u00e9alable, sur le site \u00ab Comp\u00e9tition \u00bb de la FFK jusqu\u2019au jeudi 1 juin 2023 inclus."},"content":{"rendered":"<div class=\"wpb-content-wrapper\"><p>[vc_row][vc_column][vc_column_text]<strong>Le Comit\u00e9 d\u00e9partemental de Karat\u00e9 de la Corr\u00e8ze<\/strong> organise le <strong>4 Juin 2023<\/strong> une animation Kumite \u00e0 destinations des mini-poussins, poussins et pupilles \u2013 enfants de 4 \u00e0 8 ans. Cette animation est propos\u00e9e aux d\u00e9partements de la Corr\u00e8ze,\u00a0 <strong>de la Haute Vienne<\/strong>, de la Dordogne et du Lot. <strong>Autorisation parentale obligatoire.<\/strong><\/p>\n<p><strong>Lieu<\/strong> : Dojo Municipal de Brive \u2013 avenue L\u00e9o Lagrange 19100 BRIVE<\/p>\n<p><strong>Horaire<\/strong> : 10H00 \u00e0 12H00<\/p>\n<p><strong>INSCRIPTIONS<\/strong>\u00a0: Afin d&rsquo;\u00e9valuer au mieux la participation et les moyens \u00e0 mettre en \u0153uvre pour cette activit\u00e9, <strong>il est demand\u00e9 de bien vouloir proc\u00e9der aux inscriptions\u00a0 en ligne sur le site \u00ab\u00a0comp\u00e9tition\u00a0\u00bb de la FFK jusqu&rsquo;au jeudi 1 juin 2023 inclus.<\/strong><\/p>\n<p><strong>Protections<\/strong> : Chaque clube doit apporter ses protections (gants, plastrons, casques &#8230;)<\/p>\n<p><strong>Renseignements\u00a0: <\/strong><\/p>\n<p>Jean-Paul<strong> FILATRE<\/strong> &#8211; <a href=\"mailto:jp.filatre@aliceadsl.fr\">jp.filatre@aliceadsl.fr<\/a> &#8211; T\u00e9l 06 17 96 08 22<\/p>\n<p>Janick<strong> POUPEE<\/strong> &#8211; <a href=\"mailto:poupee.janick@orange.fr\">poupee.janick@orange.fr<\/a> &#8211; T\u00e9l 06 75 00 17 93<\/p>\n<p>&nbsp;<\/p>\n<p><strong>T\u00e9l\u00e9chargez l\u2019affiche<\/strong> de la manifestation en cliquant =&gt; <a href=\"https:\/\/sites.ffkarate.fr\/hautevienne\/wp-content\/uploads\/sites\/142\/2023\/05\/Animation-Kumite.jpg\"><strong><em>ICI<\/em><\/strong><\/a><\/p>\n<p><img decoding=\"async\" src=\"https:\/\/sites.ffkarate.fr\/hautevienne\/wp-content\/uploads\/sites\/142\/2023\/05\/Animation-Kumite.jpg\" \/>[\/vc_column_text][\/vc_column][\/vc_row]<\/p>\n<\/div>","protected":false},"excerpt":{"rendered":"<p>[vc_row][vc_column][vc_column_text]Le Comit\u00e9 d\u00e9partemental de Karat\u00e9 de la Corr\u00e8ze organise le 4 Juin 2023 une animation Kumite \u00e0 destinations des mini-poussins, poussins et pupilles \u2013 enfants de 4 \u00e0 8 ans. Cette animation est propos\u00e9e aux d\u00e9partements de la Corr\u00e8ze,\u00a0 de la Haute Vienne, de la Dordogne et du Lot. Autorisation parentale obligatoire. Lieu : Dojo [&hellip;]<\/p>\n","protected":false},"author":210,"featured_media":0,"comment_status":"closed","ping_status":"closed","sticky":false,"template":"","format":"standard","meta":{"footnotes":""},"categories":[5,27,38,1,14],"tags":[],"class_list":["post-1215","post","type-post","status-publish","format-standard","hentry","category-actualites","category-animation","category-dojo-municipal-brive","category-non-classe","category-karate"],"_links":{"self":[{"href":"https:\/\/sites.ffkarate.fr\/hautevienne\/wp-json\/wp\/v2\/posts\/1215","targetHints":{"allow":["GET"]}}],"collection":[{"href":"https:\/\/sites.ffkarate.fr\/hautevienne\/wp-json\/wp\/v2\/posts"}],"about":[{"href":"https:\/\/sites.ffkarate.fr\/hautevienne\/wp-json\/wp\/v2\/types\/post"}],"author":[{"embeddable":true,"href":"https:\/\/sites.ffkarate.fr\/hautevienne\/wp-json\/wp\/v2\/users\/210"}],"replies":[{"embeddable":true,"href":"https:\/\/sites.ffkarate.fr\/hautevienne\/wp-json\/wp\/v2\/comments?post=1215"}],"version-history":[{"count":7,"href":"https:\/\/sites.ffkarate.fr\/hautevienne\/wp-json\/wp\/v2\/posts\/1215\/revisions"}],"predecessor-version":[{"id":1222,"href":"https:\/\/sites.ffkarate.fr\/hautevienne\/wp-json\/wp\/v2\/posts\/1215\/revisions\/1222"}],"wp:attachment":[{"href":"https:\/\/sites.ffkarate.fr\/hautevienne\/wp-json\/wp\/v2\/media?parent=1215"}],"wp:term":[{"taxonomy":"category","embeddable":true,"href":"https:\/\/sites.ffkarate.fr\/hautevienne\/wp-json\/wp\/v2\/categories?post=1215"},{"taxonomy":"post_tag","embeddable":true,"href":"https:\/\/sites.ffkarate.fr\/hautevienne\/wp-json\/wp\/v2\/tags?post=1215"}],"curies":[{"name":"wp","href":"https:\/\/api.w.org\/{rel}","templated":true}]}}