{"id":1617,"date":"2024-02-27T16:10:17","date_gmt":"2024-02-27T15:10:17","guid":{"rendered":"https:\/\/sites.ffkarate.fr\/hautevienne\/?p=1617"},"modified":"2024-02-27T16:10:17","modified_gmt":"2024-02-27T15:10:17","slug":"dimanche-25-fevrier-2024-stage-karate-passionnant-et-reussi-sous-la-conduite-de-daniel-ceron-7eme-dan-dejeps-assiste-de-gilles-serviere-6eme-dan-organise-par-le-club-dento-shito-ryu-karate-do-a-limo","status":"publish","type":"post","link":"https:\/\/sites.ffkarate.fr\/hautevienne\/2024\/02\/27\/dimanche-25-fevrier-2024-stage-karate-passionnant-et-reussi-sous-la-conduite-de-daniel-ceron-7eme-dan-dejeps-assiste-de-gilles-serviere-6eme-dan-organise-par-le-club-dento-shito-ryu-karate-do-a-limo\/","title":{"rendered":"Dimanche 25 f\u00e9vrier 2024 STAGE KARATE PASSIONNANT et REUSSI sous la conduite de Daniel CERON 7\u00e8me Dan DEJEPS, assist\u00e9 de Gilles SERVIERE 6\u00e8me Dan, organis\u00e9 par le Club Dento Shito-Ryu Karat\u00e9-Do \u00e0 LIMOGES. Le th\u00e8me du stage portait sur \u00a0\u00bb L&rsquo;am\u00e9lioration des techniques de jambes et des techniques de mains ouvertes \u00ab\u00a0. Tous les participants ont \u00e9t\u00e9 conquis par la teneur du stage et l&rsquo;enrichissement qui en r\u00e9sulte."},"content":{"rendered":"<div class=\"wpb-content-wrapper\"><p>[vc_row][vc_column][vc_column_text]<img decoding=\"async\" class=\"aligncenter size-large wp-image-1616\" src=\"https:\/\/sites.ffkarate.fr\/hautevienne\/wp-content\/uploads\/sites\/142\/2024\/02\/Imge-Retour-stage-25-fevrier-2024-1024x766.png\" alt=\"\" width=\"1024\" height=\"766\" srcset=\"https:\/\/sites.ffkarate.fr\/hautevienne\/wp-content\/uploads\/sites\/142\/2024\/02\/Imge-Retour-stage-25-fevrier-2024-1024x766.png 1024w, https:\/\/sites.ffkarate.fr\/hautevienne\/wp-content\/uploads\/sites\/142\/2024\/02\/Imge-Retour-stage-25-fevrier-2024-300x224.png 300w, https:\/\/sites.ffkarate.fr\/hautevienne\/wp-content\/uploads\/sites\/142\/2024\/02\/Imge-Retour-stage-25-fevrier-2024-768x574.png 768w, https:\/\/sites.ffkarate.fr\/hautevienne\/wp-content\/uploads\/sites\/142\/2024\/02\/Imge-Retour-stage-25-fevrier-2024-400x300.png 400w, https:\/\/sites.ffkarate.fr\/hautevienne\/wp-content\/uploads\/sites\/142\/2024\/02\/Imge-Retour-stage-25-fevrier-2024.png 1026w\" sizes=\"(max-width: 1024px) 100vw, 1024px\" \/>[\/vc_column_text][\/vc_column][\/vc_row]<\/p>\n<\/div>","protected":false},"excerpt":{"rendered":"<p>[vc_row][vc_column][vc_column_text][\/vc_column_text][\/vc_column][\/vc_row]<\/p>\n","protected":false},"author":210,"featured_media":1616,"comment_status":"closed","ping_status":"closed","sticky":false,"template":"","format":"standard","meta":{"footnotes":""},"categories":[5,36,1,14,19],"tags":[],"class_list":["post-1617","post","type-post","status-publish","format-standard","hentry","category-actualites","category-dojo-robert-leconte-limoges","category-non-classe","category-karate","category-stages"],"_links":{"self":[{"href":"https:\/\/sites.ffkarate.fr\/hautevienne\/wp-json\/wp\/v2\/posts\/1617","targetHints":{"allow":["GET"]}}],"collection":[{"href":"https:\/\/sites.ffkarate.fr\/hautevienne\/wp-json\/wp\/v2\/posts"}],"about":[{"href":"https:\/\/sites.ffkarate.fr\/hautevienne\/wp-json\/wp\/v2\/types\/post"}],"author":[{"embeddable":true,"href":"https:\/\/sites.ffkarate.fr\/hautevienne\/wp-json\/wp\/v2\/users\/210"}],"replies":[{"embeddable":true,"href":"https:\/\/sites.ffkarate.fr\/hautevienne\/wp-json\/wp\/v2\/comments?post=1617"}],"version-history":[{"count":2,"href":"https:\/\/sites.ffkarate.fr\/hautevienne\/wp-json\/wp\/v2\/posts\/1617\/revisions"}],"predecessor-version":[{"id":1619,"href":"https:\/\/sites.ffkarate.fr\/hautevienne\/wp-json\/wp\/v2\/posts\/1617\/revisions\/1619"}],"wp:featuredmedia":[{"embeddable":true,"href":"https:\/\/sites.ffkarate.fr\/hautevienne\/wp-json\/wp\/v2\/media\/1616"}],"wp:attachment":[{"href":"https:\/\/sites.ffkarate.fr\/hautevienne\/wp-json\/wp\/v2\/media?parent=1617"}],"wp:term":[{"taxonomy":"category","embeddable":true,"href":"https:\/\/sites.ffkarate.fr\/hautevienne\/wp-json\/wp\/v2\/categories?post=1617"},{"taxonomy":"post_tag","embeddable":true,"href":"https:\/\/sites.ffkarate.fr\/hautevienne\/wp-json\/wp\/v2\/tags?post=1617"}],"curies":[{"name":"wp","href":"https:\/\/api.w.org\/{rel}","templated":true}]}}