{"id":924,"date":"2022-12-19T23:57:12","date_gmt":"2022-12-19T22:57:12","guid":{"rendered":"https:\/\/sites.ffkarate.fr\/hautevienne\/?p=924"},"modified":"2022-12-19T23:57:12","modified_gmt":"2022-12-19T22:57:12","slug":"la-coupe-elite-de-la-zid-limousin-en-pupilles-et-benjamins-masculin-et-feminin-kumites-et-katas-sest-deroulee-le-18-decembre-2022-au-dojo-municipal-de-brive-tous-les-competiteurs-presents-ont-fai","status":"publish","type":"post","link":"https:\/\/sites.ffkarate.fr\/hautevienne\/2022\/12\/19\/la-coupe-elite-de-la-zid-limousin-en-pupilles-et-benjamins-masculin-et-feminin-kumites-et-katas-sest-deroulee-le-18-decembre-2022-au-dojo-municipal-de-brive-tous-les-competiteurs-presents-ont-fai\/","title":{"rendered":"La COUPE ELITE de la ZID LIMOUSIN en Pupilles et Benjamins (masculin et f\u00e9minin) Kumit\u00e9s et Katas s&rsquo;est d\u00e9roul\u00e9e le 18 DECEMBRE 2022 au DOJO MUNICIPAL de BRIVE. Tous les comp\u00e9titeurs pr\u00e9sents ont fait preuve d&rsquo;engagement et de combativit\u00e9 \u00e0 la hauteur de leur motivation. BRAVO A EUX. D\u00e9couvrez la galerie photos de cette journ\u00e9e."},"content":{"rendered":"<div class=\"wpb-content-wrapper\"><p>[vc_row][vc_column][vc_gallery images=\u00a0\u00bb899,901,900,902,903,904,905,906,907,908,909,910,911,912,914,913,915,916,917,918,919,920,922,921,923&Prime;][\/vc_column][\/vc_row]<\/p>\n<\/div>","protected":false},"excerpt":{"rendered":"<p>[vc_row][vc_column][vc_gallery images=\u00a0\u00bb899,901,900,902,903,904,905,906,907,908,909,910,911,912,914,913,915,916,917,918,919,920,922,921,923&Prime;][\/vc_column][\/vc_row]<\/p>\n","protected":false},"author":210,"featured_media":0,"comment_status":"closed","ping_status":"closed","sticky":false,"template":"","format":"standard","meta":{"footnotes":""},"categories":[5,10,1,14],"tags":[],"class_list":["post-924","post","type-post","status-publish","format-standard","hentry","category-actualites","category-competitions","category-non-classe","category-karate"],"_links":{"self":[{"href":"https:\/\/sites.ffkarate.fr\/hautevienne\/wp-json\/wp\/v2\/posts\/924","targetHints":{"allow":["GET"]}}],"collection":[{"href":"https:\/\/sites.ffkarate.fr\/hautevienne\/wp-json\/wp\/v2\/posts"}],"about":[{"href":"https:\/\/sites.ffkarate.fr\/hautevienne\/wp-json\/wp\/v2\/types\/post"}],"author":[{"embeddable":true,"href":"https:\/\/sites.ffkarate.fr\/hautevienne\/wp-json\/wp\/v2\/users\/210"}],"replies":[{"embeddable":true,"href":"https:\/\/sites.ffkarate.fr\/hautevienne\/wp-json\/wp\/v2\/comments?post=924"}],"version-history":[{"count":2,"href":"https:\/\/sites.ffkarate.fr\/hautevienne\/wp-json\/wp\/v2\/posts\/924\/revisions"}],"predecessor-version":[{"id":926,"href":"https:\/\/sites.ffkarate.fr\/hautevienne\/wp-json\/wp\/v2\/posts\/924\/revisions\/926"}],"wp:attachment":[{"href":"https:\/\/sites.ffkarate.fr\/hautevienne\/wp-json\/wp\/v2\/media?parent=924"}],"wp:term":[{"taxonomy":"category","embeddable":true,"href":"https:\/\/sites.ffkarate.fr\/hautevienne\/wp-json\/wp\/v2\/categories?post=924"},{"taxonomy":"post_tag","embeddable":true,"href":"https:\/\/sites.ffkarate.fr\/hautevienne\/wp-json\/wp\/v2\/tags?post=924"}],"curies":[{"name":"wp","href":"https:\/\/api.w.org\/{rel}","templated":true}]}}