{"id":1104,"date":"2018-05-22T14:17:06","date_gmt":"2018-05-22T12:17:06","guid":{"rendered":"https:\/\/sites.ffkarate.fr\/hautsdefrance\/?post_type=news&amp;p=1104"},"modified":"2018-05-22T14:17:06","modified_gmt":"2018-05-22T12:17:06","slug":"concours-jeunes-arbitres","status":"publish","type":"post","link":"https:\/\/sites.ffkarate.fr\/hautsdefrance\/2018\/05\/22\/concours-jeunes-arbitres\/","title":{"rendered":"Concours Jeunes Arbitres"},"content":{"rendered":"<div class=\"wpb-content-wrapper\"><p>[vc_row][vc_column][vc_column_text]<\/p>\n<p style=\"text-align: justify\"><a href=\"https:\/\/sites.ffkarate.fr\/hautsdefrance\/wp-content\/uploads\/sites\/104\/2018\/05\/IMAG5246.jpg\"><img decoding=\"async\" class=\"  wp-image-1102 aligncenter\" src=\"https:\/\/sites.ffkarate.fr\/hautsdefrance\/wp-content\/uploads\/sites\/104\/2018\/05\/IMAG5246-300x151.jpg\" alt=\"IMAG5246\" width=\"354\" height=\"178\" \/><\/a>4 jeunes qui repr\u00e9sentaient notre Ligue HDFKDA au concours National des Jeunes Arbitres Combat se sont tr\u00e8s bien illustr\u00e9s. On peut f\u00e9liciter particuli\u00e8rement Alexandre BOURBOTTE, du Karat\u00e9 Club de Petite-For\u00eat, dans le Nord, qui termine 2\u00e8me au concours.<\/p>\n<div class=\"yiv7637544429gmail_default\">La rel\u00e8ve est pr\u00e9sente, bravo les jeunes!!!!<\/div>\n<div class=\"yiv7637544429gmail_default\"><\/div>\n<div class=\"yiv7637544429gmail_default\"><span style=\"color: #0000ff\"><a style=\"color: #0000ff\" href=\"https:\/\/youtu.be\/cEG8lM3L8Uc\" target=\"_blank\" rel=\"noopener\">Lien vid\u00e9o FFK<\/a><\/span><\/div>\n<p>[\/vc_column_text][\/vc_column][\/vc_row]<\/p>\n<\/div>","protected":false},"excerpt":{"rendered":"<p>[vc_row][vc_column][vc_column_text] 4 jeunes qui repr\u00e9sentaient notre Ligue HDFKDA au concours National des Jeunes Arbitres Combat se sont tr\u00e8s bien illustr\u00e9s. On peut f\u00e9liciter particuli\u00e8rement Alexandre BOURBOTTE, du Karat\u00e9 Club de Petite-For\u00eat, dans le Nord, qui termine 2\u00e8me au concours. La rel\u00e8ve est pr\u00e9sente, bravo les jeunes!!!! Lien vid\u00e9o FFK [\/vc_column_text][\/vc_column][\/vc_row]<\/p>\n","protected":false},"author":161,"featured_media":0,"comment_status":"closed","ping_status":"closed","sticky":false,"template":"","format":"standard","meta":{"footnotes":""},"categories":[1],"tags":[],"class_list":["post-1104","post","type-post","status-publish","format-standard","hentry","category-non-classe"],"_links":{"self":[{"href":"https:\/\/sites.ffkarate.fr\/hautsdefrance\/wp-json\/wp\/v2\/posts\/1104","targetHints":{"allow":["GET"]}}],"collection":[{"href":"https:\/\/sites.ffkarate.fr\/hautsdefrance\/wp-json\/wp\/v2\/posts"}],"about":[{"href":"https:\/\/sites.ffkarate.fr\/hautsdefrance\/wp-json\/wp\/v2\/types\/post"}],"author":[{"embeddable":true,"href":"https:\/\/sites.ffkarate.fr\/hautsdefrance\/wp-json\/wp\/v2\/users\/161"}],"replies":[{"embeddable":true,"href":"https:\/\/sites.ffkarate.fr\/hautsdefrance\/wp-json\/wp\/v2\/comments?post=1104"}],"version-history":[{"count":0,"href":"https:\/\/sites.ffkarate.fr\/hautsdefrance\/wp-json\/wp\/v2\/posts\/1104\/revisions"}],"wp:attachment":[{"href":"https:\/\/sites.ffkarate.fr\/hautsdefrance\/wp-json\/wp\/v2\/media?parent=1104"}],"wp:term":[{"taxonomy":"category","embeddable":true,"href":"https:\/\/sites.ffkarate.fr\/hautsdefrance\/wp-json\/wp\/v2\/categories?post=1104"},{"taxonomy":"post_tag","embeddable":true,"href":"https:\/\/sites.ffkarate.fr\/hautsdefrance\/wp-json\/wp\/v2\/tags?post=1104"}],"curies":[{"name":"wp","href":"https:\/\/api.w.org\/{rel}","templated":true}]}}