{"id":1403,"date":"2018-10-03T12:48:36","date_gmt":"2018-10-03T10:48:36","guid":{"rendered":"https:\/\/sites.ffkarate.fr\/hautsdefrance\/?post_type=news&amp;p=1403"},"modified":"2018-10-03T12:48:36","modified_gmt":"2018-10-03T10:48:36","slug":"info-jurys-examens-dan-et-candidats-aux-grades","status":"publish","type":"post","link":"https:\/\/sites.ffkarate.fr\/hautsdefrance\/2018\/10\/03\/info-jurys-examens-dan-et-candidats-aux-grades\/","title":{"rendered":"Info jurys examens DAN et candidats aux grades"},"content":{"rendered":"<div class=\"wpb-content-wrapper\"><p>[vc_row][vc_column][vc_column_text]<\/p>\n<p style=\"text-align: justify\"><a href=\"https:\/\/sites.ffkarate.fr\/hautsdefrance\/wp-content\/uploads\/sites\/104\/2017\/09\/1.jpg\"><img decoding=\"async\" class=\"  wp-image-544 alignleft\" src=\"https:\/\/sites.ffkarate.fr\/hautsdefrance\/wp-content\/uploads\/sites\/104\/2017\/09\/1.jpg\" alt=\"1\" width=\"114\" height=\"147\" \/><\/a><br \/>\nSamedi 20 octobre 2018<br \/>\nStage R\u00e9gional d\u2019informations jurys grades et Dan toutes disciplines 9h00 \u00e0 12h00 Espace Malraux St-Amand.<br \/>\nStage R\u00e9gional de Pr\u00e9paration candidats aux examens de grades et Dan toutes disciplines 14h30 \u00e0 17h00 Dojo rue de Rivoli \u00e0 St-Amand.<\/p>\n<p><a href=\"https:\/\/sites.ffkarate.fr\/hautsdefrance\/wp-content\/uploads\/sites\/104\/2017\/09\/VISUELS_LOGO_DA-01-1024x277.png\"><img decoding=\"async\" class=\" wp-image-542 size-medium aligncenter\" src=\"https:\/\/sites.ffkarate.fr\/hautsdefrance\/wp-content\/uploads\/sites\/104\/2017\/09\/VISUELS_LOGO_DA-01-1024x277-300x81.png\" alt=\"VISUELS_LOGO_DA-01-1024x277\" width=\"300\" height=\"81\" \/><\/a><\/p>\n<p>&nbsp;[\/vc_column_text][\/vc_column][\/vc_row]<\/p>\n<\/div>","protected":false},"excerpt":{"rendered":"<p>[vc_row][vc_column][vc_column_text] Samedi 20 octobre 2018 Stage R\u00e9gional d\u2019informations jurys grades et Dan toutes disciplines 9h00 \u00e0 12h00 Espace Malraux St-Amand. Stage R\u00e9gional de Pr\u00e9paration candidats aux examens de grades et Dan toutes disciplines 14h30 \u00e0 17h00 Dojo rue de Rivoli \u00e0 St-Amand. &nbsp;[\/vc_column_text][\/vc_column][\/vc_row]<\/p>\n","protected":false},"author":161,"featured_media":544,"comment_status":"closed","ping_status":"closed","sticky":false,"template":"","format":"standard","meta":{"footnotes":""},"categories":[1],"tags":[],"class_list":["post-1403","post","type-post","status-publish","format-standard","hentry","category-non-classe"],"_links":{"self":[{"href":"https:\/\/sites.ffkarate.fr\/hautsdefrance\/wp-json\/wp\/v2\/posts\/1403","targetHints":{"allow":["GET"]}}],"collection":[{"href":"https:\/\/sites.ffkarate.fr\/hautsdefrance\/wp-json\/wp\/v2\/posts"}],"about":[{"href":"https:\/\/sites.ffkarate.fr\/hautsdefrance\/wp-json\/wp\/v2\/types\/post"}],"author":[{"embeddable":true,"href":"https:\/\/sites.ffkarate.fr\/hautsdefrance\/wp-json\/wp\/v2\/users\/161"}],"replies":[{"embeddable":true,"href":"https:\/\/sites.ffkarate.fr\/hautsdefrance\/wp-json\/wp\/v2\/comments?post=1403"}],"version-history":[{"count":0,"href":"https:\/\/sites.ffkarate.fr\/hautsdefrance\/wp-json\/wp\/v2\/posts\/1403\/revisions"}],"wp:featuredmedia":[{"embeddable":true,"href":"https:\/\/sites.ffkarate.fr\/hautsdefrance\/wp-json\/wp\/v2\/media\/544"}],"wp:attachment":[{"href":"https:\/\/sites.ffkarate.fr\/hautsdefrance\/wp-json\/wp\/v2\/media?parent=1403"}],"wp:term":[{"taxonomy":"category","embeddable":true,"href":"https:\/\/sites.ffkarate.fr\/hautsdefrance\/wp-json\/wp\/v2\/categories?post=1403"},{"taxonomy":"post_tag","embeddable":true,"href":"https:\/\/sites.ffkarate.fr\/hautsdefrance\/wp-json\/wp\/v2\/tags?post=1403"}],"curies":[{"name":"wp","href":"https:\/\/api.w.org\/{rel}","templated":true}]}}