{"id":1475,"date":"2018-10-31T08:49:11","date_gmt":"2018-10-31T07:49:11","guid":{"rendered":"https:\/\/sites.ffkarate.fr\/hautsdefrance\/?post_type=news&amp;p=1475"},"modified":"2018-10-31T08:49:11","modified_gmt":"2018-10-31T07:49:11","slug":"challenge-karate-light-contact-jose-hernandez","status":"publish","type":"post","link":"https:\/\/sites.ffkarate.fr\/hautsdefrance\/2018\/10\/31\/challenge-karate-light-contact-jose-hernandez\/","title":{"rendered":"Challenge Karat\u00e9 Light Contact JOSE HERNANDEZ"},"content":{"rendered":"<div class=\"wpb-content-wrapper\"><p>[vc_row][vc_column][vc_column_text]<\/p>\n<p style=\"text-align: justify\">Challenge R\u00e9gional Light Contact Jos\u00e9 HERNANDEZ, le Dimanche 2 d\u00e9cembre 2018 au Dojo-Club Jean-Louis BORLOO, Complexe sportif rue du 8 mai 1945, 59690 \u00e0 Vieux-Cond\u00e9.<br \/>\n<span style=\"color: #ff9900;text-decoration: underline\"><em>Attention droit entr\u00e9e payant montant de 5\u20ac<\/em><\/span><strong><a href=\"https:\/\/sites.ffkarate.fr\/hautsdefrance\/wp-content\/uploads\/sites\/104\/2018\/10\/Full_Contact_4.jpg\"><img decoding=\"async\" class=\"  wp-image-1476 aligncenter\" src=\"https:\/\/sites.ffkarate.fr\/hautsdefrance\/wp-content\/uploads\/sites\/104\/2018\/10\/Full_Contact_4-300x143.jpg\" alt=\"Full_Contact_4\" width=\"346\" height=\"165\" \/><\/a><\/strong><\/p>\n<p><span style=\"color: #ff9900;text-decoration: underline\">\u00a0<span style=\"color: #ff0000\"><strong>RAPPEL Comp\u00e9titeurs : Passeport sportif, licence de la saison en cours, Certificat M\u00e9dical et autorisation parentale pour les mineurs sont n\u00e9cessaires afin d\u2019acc\u00e9der \u00e0 la comp\u00e9tition.<\/strong><\/span><\/span><\/p>\n<p><strong>Pas de pr\u00eat de protections (mat\u00e9riels: casques, gants, prot\u00e8ges pieds personnel requis)<\/strong><\/p>\n<p>Le programme de cette manifestation est disponible rubrique \u00ab\u00a0CALENDRIER\u00a0\u00bb du site et les inscriptions sont \u00e9galement ouvertes. Date limite le 25 Novembre 2018.[\/vc_column_text][\/vc_column][\/vc_row]<\/p>\n<\/div>","protected":false},"excerpt":{"rendered":"<p>[vc_row][vc_column][vc_column_text] Challenge R\u00e9gional Light Contact Jos\u00e9 HERNANDEZ, le Dimanche 2 d\u00e9cembre 2018 au Dojo-Club Jean-Louis BORLOO, Complexe sportif rue du 8 mai 1945, 59690 \u00e0 Vieux-Cond\u00e9. Attention droit entr\u00e9e payant montant de 5\u20ac \u00a0RAPPEL Comp\u00e9titeurs : Passeport sportif, licence de la saison en cours, Certificat M\u00e9dical et autorisation parentale pour les mineurs sont n\u00e9cessaires afin [&hellip;]<\/p>\n","protected":false},"author":161,"featured_media":1476,"comment_status":"closed","ping_status":"closed","sticky":false,"template":"","format":"standard","meta":{"footnotes":""},"categories":[1],"tags":[],"class_list":["post-1475","post","type-post","status-publish","format-standard","hentry","category-non-classe"],"_links":{"self":[{"href":"https:\/\/sites.ffkarate.fr\/hautsdefrance\/wp-json\/wp\/v2\/posts\/1475","targetHints":{"allow":["GET"]}}],"collection":[{"href":"https:\/\/sites.ffkarate.fr\/hautsdefrance\/wp-json\/wp\/v2\/posts"}],"about":[{"href":"https:\/\/sites.ffkarate.fr\/hautsdefrance\/wp-json\/wp\/v2\/types\/post"}],"author":[{"embeddable":true,"href":"https:\/\/sites.ffkarate.fr\/hautsdefrance\/wp-json\/wp\/v2\/users\/161"}],"replies":[{"embeddable":true,"href":"https:\/\/sites.ffkarate.fr\/hautsdefrance\/wp-json\/wp\/v2\/comments?post=1475"}],"version-history":[{"count":0,"href":"https:\/\/sites.ffkarate.fr\/hautsdefrance\/wp-json\/wp\/v2\/posts\/1475\/revisions"}],"wp:featuredmedia":[{"embeddable":true,"href":"https:\/\/sites.ffkarate.fr\/hautsdefrance\/wp-json\/wp\/v2\/media\/1476"}],"wp:attachment":[{"href":"https:\/\/sites.ffkarate.fr\/hautsdefrance\/wp-json\/wp\/v2\/media?parent=1475"}],"wp:term":[{"taxonomy":"category","embeddable":true,"href":"https:\/\/sites.ffkarate.fr\/hautsdefrance\/wp-json\/wp\/v2\/categories?post=1475"},{"taxonomy":"post_tag","embeddable":true,"href":"https:\/\/sites.ffkarate.fr\/hautsdefrance\/wp-json\/wp\/v2\/tags?post=1475"}],"curies":[{"name":"wp","href":"https:\/\/api.w.org\/{rel}","templated":true}]}}