{"id":1498,"date":"2018-11-07T09:02:27","date_gmt":"2018-11-07T08:02:27","guid":{"rendered":"https:\/\/sites.ffkarate.fr\/hautsdefrance\/?post_type=news&amp;p=1498"},"modified":"2018-11-07T09:02:27","modified_gmt":"2018-11-07T08:02:27","slug":"passage-de-grades-5eme-dan","status":"publish","type":"post","link":"https:\/\/sites.ffkarate.fr\/hautsdefrance\/2018\/11\/07\/passage-de-grades-5eme-dan\/","title":{"rendered":"Passage de grades 5\u00e8me DAN"},"content":{"rendered":"<div class=\"wpb-content-wrapper\"><p>[vc_row][vc_column][vc_column_text]<\/p>\n<p style=\"text-align: justify\"><a href=\"https:\/\/sites.ffkarate.fr\/hautsdefrance\/wp-content\/uploads\/sites\/104\/2017\/10\/black_belt.jpg\"><img decoding=\"async\" class=\"  wp-image-749 alignleft\" src=\"https:\/\/sites.ffkarate.fr\/hautsdefrance\/wp-content\/uploads\/sites\/104\/2017\/10\/black_belt-300x184.jpg\" alt=\"black_belt\" width=\"253\" height=\"155\" \/><\/a>Plus que quelques jours afin de transmettre vos dossiers d&rsquo;inscription \u00e0 l&rsquo;examen de grade de 5\u00e8meDAN organis\u00e9 par la Ligue HDFKDA.<!--more--><\/p>\n<p style=\"text-align: left\">Vos dossiers doivent parvenir \u00e0 l&rsquo;adresse suivante:<br \/>\nLigue Hauts de France de Karat\u00e9 et Disciplines Associ\u00e9es 89 rue du Faubourg de Cambrai, 59300 Valenciennes <strong>avant le 22 novembre 2018.<\/strong><\/p>\n<p style=\"text-align: justify\">L&rsquo;examen aura lieu le samedi 22 d\u00e9cembre 2018 \u00e0 la salle des sports rue des Acacias \u00e0 Escautpont, les horaires figureront sur vos convocations. Le r\u00e9glement pour les droits d&rsquo;inscriptions (50\u20ac)\u00a0est \u00e0\u00a0faire par ch\u00e8que \u00e0 l&rsquo;ordre de la ligue Hauts de France Karat\u00e9 et Disciplines Associ\u00e9es.<\/p>\n<p>[\/vc_column_text][\/vc_column][\/vc_row]<\/p>\n<\/div>","protected":false},"excerpt":{"rendered":"<p>[vc_row][vc_column][vc_column_text] Plus que quelques jours afin de transmettre vos dossiers d&rsquo;inscription \u00e0 l&rsquo;examen de grade de 5\u00e8meDAN organis\u00e9 par la Ligue HDFKDA.<\/p>\n","protected":false},"author":161,"featured_media":749,"comment_status":"closed","ping_status":"closed","sticky":false,"template":"","format":"standard","meta":{"footnotes":""},"categories":[1],"tags":[],"class_list":["post-1498","post","type-post","status-publish","format-standard","hentry","category-non-classe"],"_links":{"self":[{"href":"https:\/\/sites.ffkarate.fr\/hautsdefrance\/wp-json\/wp\/v2\/posts\/1498","targetHints":{"allow":["GET"]}}],"collection":[{"href":"https:\/\/sites.ffkarate.fr\/hautsdefrance\/wp-json\/wp\/v2\/posts"}],"about":[{"href":"https:\/\/sites.ffkarate.fr\/hautsdefrance\/wp-json\/wp\/v2\/types\/post"}],"author":[{"embeddable":true,"href":"https:\/\/sites.ffkarate.fr\/hautsdefrance\/wp-json\/wp\/v2\/users\/161"}],"replies":[{"embeddable":true,"href":"https:\/\/sites.ffkarate.fr\/hautsdefrance\/wp-json\/wp\/v2\/comments?post=1498"}],"version-history":[{"count":0,"href":"https:\/\/sites.ffkarate.fr\/hautsdefrance\/wp-json\/wp\/v2\/posts\/1498\/revisions"}],"wp:featuredmedia":[{"embeddable":true,"href":"https:\/\/sites.ffkarate.fr\/hautsdefrance\/wp-json\/wp\/v2\/media\/749"}],"wp:attachment":[{"href":"https:\/\/sites.ffkarate.fr\/hautsdefrance\/wp-json\/wp\/v2\/media?parent=1498"}],"wp:term":[{"taxonomy":"category","embeddable":true,"href":"https:\/\/sites.ffkarate.fr\/hautsdefrance\/wp-json\/wp\/v2\/categories?post=1498"},{"taxonomy":"post_tag","embeddable":true,"href":"https:\/\/sites.ffkarate.fr\/hautsdefrance\/wp-json\/wp\/v2\/tags?post=1498"}],"curies":[{"name":"wp","href":"https:\/\/api.w.org\/{rel}","templated":true}]}}