{"id":1608,"date":"2018-12-27T18:17:13","date_gmt":"2018-12-27T17:17:13","guid":{"rendered":"https:\/\/sites.ffkarate.fr\/hautsdefrance\/?post_type=news&amp;p=1608"},"modified":"2018-12-27T18:17:13","modified_gmt":"2018-12-27T17:17:13","slug":"jeux-nationaux-du-sport-entreprise-2019","status":"publish","type":"post","link":"https:\/\/sites.ffkarate.fr\/hautsdefrance\/2018\/12\/27\/jeux-nationaux-du-sport-entreprise-2019\/","title":{"rendered":"Jeux Nationaux du sport entreprise 2019"},"content":{"rendered":"<div class=\"wpb-content-wrapper\"><p>[vc_row][vc_column][vc_column_text]<\/p>\n<p style=\"text-align: justify\"><strong><a href=\"https:\/\/sites.ffkarate.fr\/hautsdefrance\/wp-content\/uploads\/sites\/104\/2018\/12\/Affiche-JNSE-2019-1.jpg\"><img decoding=\"async\" class=\" size-medium wp-image-1610 alignleft\" src=\"https:\/\/sites.ffkarate.fr\/hautsdefrance\/wp-content\/uploads\/sites\/104\/2018\/12\/Affiche-JNSE-2019-1-213x300.jpg\" alt=\"Affiche JNSE 2019 (1)\" width=\"213\" height=\"300\" \/><\/a>Madame, Monsieur,<\/strong><\/p>\n<p style=\"text-align: justify\">Du 8 au 12 mai prochains, la Martinique accueillera les 8\u00e8mes Jeux Nationaux du Sport d\u2019Entreprise. Ouvert \u00e0 tous les salari\u00e9s du secteur priv\u00e9 comme du secteur public et \u00e0 leurs accompagnateurs (conjoints, enfants\u2026)., cet \u00e9v\u00e9nement <strong>regroupera 3\u00a0000 personnes dans une ambiance sportive, conviviale et festive. 24 disciplines dont le Karat\u00e9 ,sont au programme en comp\u00e9tition et 10 activit\u00e9s en loisir! N\u2019attendez plus et venez participer \u00e0 cet \u00e9v\u00e9nement dans un environnement incroyable\u00a0!<\/strong><\/p>\n<p style=\"text-align: justify\">Vous trouverez ci-dessous les informations pratiques pour vos inscriptions ouvertes jusqu\u2019au 31\/01\/2019 dans la limite des places disponibles.<\/p>\n<p style=\"text-align: justify\"><strong><span style=\"color: #0000ff\"><a style=\"color: #0000ff\" href=\"http:\/\/www.emocs.eu\/wp-content\/uploads\/2018\/11\/BULLETIN-JNSE-2019.pdf\" target=\"_blank\" rel=\"noopener\">T\u00e9l\u00e9charger le Bulletin d&rsquo;information<\/a><a style=\"color: #0000ff\" href=\"http:\/\/www.emocs.eu\/wp-content\/uploads\/2018\/11\/BULLETIN-JNSE-2019.pdf\" target=\"_blank\" rel=\"noopener\">.<\/a> \u00a0 \u00a0<a href=\"https:\/\/sites.ffkarate.fr\/hautsdefrance\/wp-content\/uploads\/sites\/104\/2018\/12\/Formulaire-dinscription-Jeux-Nationaux-du-Sport-dEntreprise-Martinique-2019-v2.xlsx\" target=\"_blank\" rel=\"noopener\">T\u00e9l\u00e9charger\u00a0Dossier d&rsquo;inscription.<\/a><\/span><\/strong><\/p>\n<p>Pour toutes informations compl\u00e9mentaires, vous pourrez contacter:<\/p>\n<p><strong>Thomas LE LANN<\/strong><br \/>\n<strong>Conseiller Technique F\u00e9d\u00e9ral<\/strong><br \/>\n<strong>T\u00e9l. : +33 6 98 42 38 74<\/strong><br \/>\n<strong>E-mail\u00a0:\u00a0<\/strong><strong><a href=\"mailto:territoires@ffse.fr\">territoires@ffse.fr<\/a><\/strong><strong>\u00a0<\/strong><br \/>\n<strong><a href=\"http:\/\/www.ffse.fr\/\" target=\"_blank\" rel=\"noopener\">www.ffse.fr<\/a><\/strong><\/p>\n<p style=\"text-align: justify\">Gr\u00e2ce \u00e0 nos partenaires nous sommes en mesure de vous proposer 1 semaine en Martinique \u00e0 partir de\u00a0<strong>745<\/strong>\u00a0\u20ac incluant le vol aller-retour depuis Paris, l\u2019h\u00e9bergement 7 nuits au Pierre et Vacances, la participation aux Jeux Nationaux et la licence FFSE incluant l\u2019assurance.\u00a0<strong>\u00c0\u00a0noter que pour un s\u00e9jour de deux semaines, nous proposons des tarifs \u00e0 partir de 945 \u20ac par personne\u00a0!<\/strong><\/p>\n<p style=\"text-align: justify\">Bien entendu, vous \u00eatre libre de choisir la formule compl\u00e8te incluant l\u2019h\u00e9bergement et les vols ou non.<\/p>\n<ul style=\"text-align: justify\">\n<li>L\u2019inscription aux jeux est de 100 \u20ac par participant et de 60 \u20ac par accompagnateur (surcouts pour le golf et pour la voile)<\/li>\n<li>Une licence f\u00e9d\u00e9rale \u00e0 25 euros par personne, assurance incluse, est obligatoire (Responsabilit\u00e9 civile, individuelle accident et assurance rapatriement)<\/li>\n<li>Nous proposons l\u2019h\u00e9bergement au village Pierre et Vacances de Saint Luce situ\u00e9 en bord de plage, il sera le centre de ces jeux avec le secr\u00e9tariat des animations quotidiennes. Vous avez la possibilit\u00e9 de r\u00e9gler votre h\u00e9bergement par ch\u00e8que vacances.<\/li>\n<li>Les vols propos\u00e9s sont au tarif fixe de 420 \u20ac avec la compagnie CORSAIR. Ils sont au d\u00e9part de Paris-Orly et inclus un bagage cabine et un bagage en soute par personne.\u00a0<span style=\"color: #ff0000\"><strong>ATTENTION ils sont garantis jusqu\u2019au 8 Janvier prochain dans la limite des places disponibles (150 places pour chaque vol).<\/strong><\/span><\/li>\n<\/ul>\n<p style=\"text-align: justify\">Enfin, nous proposons des locations de voiture \u00e0 tarifs pr\u00e9f\u00e9rentiels\u2026 D\u00e8s 17\u20ac\/jour\u00a0!\u00a0Merci de nous transmettre vos besoins et nous ferons le n\u00e9cessaire avec notre partenaire BUDGET.<\/p>\n<p style=\"text-align: justify\"><span style=\"color: #0000ff\"><strong><a href=\"http:\/\/www.ffseas28.odns.fr\/wp-content\/uploads\/2018\/09\/Tarifs-locations-de-v\u00e9hicules-Jeux-Nationaux-du-Sport-dEntreprise-2019.pdf\" target=\"_blank\" rel=\"noopener\">Voir les tarifs\u00a0<\/a><\/strong><\/span><\/p>\n<p style=\"text-align: justify\">Le formulaire d\u2019inscription et le r\u00e8glement sont \u00e0 nous renvoyer compl\u00e9t\u00e9\u00a0<strong>avant la date du 31\/01\/2019<\/strong>. N\u2019h\u00e9sitez pas \u00e0 transmettre ce mail \u00e0 l\u2019ensemble de votre r\u00e9seau au sein de votre entreprise.<\/p>\n<p style=\"text-align: justify\"><span style=\"color: #0000ff\"><strong>Appelez nous au 0156640210<\/strong><\/span><br \/>\n<strong><em>Toute notre \u00e9quipe est \u00e0 votre disposition pour r\u00e9pondre \u00e0 vos questions.\u00a0<\/em><\/strong><br \/>\n<strong><em>A tr\u00e8s bient\u00f4t pour vivre cette aventure inoubliable\u00a0!<\/em><\/strong><\/p>\n<p>[\/vc_column_text][\/vc_column][\/vc_row]<\/p>\n<\/div>","protected":false},"excerpt":{"rendered":"<p>[vc_row][vc_column][vc_column_text] Madame, Monsieur, Du 8 au 12 mai prochains, la Martinique accueillera les 8\u00e8mes Jeux Nationaux du Sport d\u2019Entreprise. Ouvert \u00e0 tous les salari\u00e9s du secteur priv\u00e9 comme du secteur public et \u00e0 leurs accompagnateurs (conjoints, enfants\u2026)., cet \u00e9v\u00e9nement regroupera 3\u00a0000 personnes dans une ambiance sportive, conviviale et festive. 24 disciplines dont le Karat\u00e9 ,sont [&hellip;]<\/p>\n","protected":false},"author":161,"featured_media":0,"comment_status":"closed","ping_status":"closed","sticky":false,"template":"","format":"standard","meta":{"footnotes":""},"categories":[1],"tags":[],"class_list":["post-1608","post","type-post","status-publish","format-standard","hentry","category-non-classe"],"_links":{"self":[{"href":"https:\/\/sites.ffkarate.fr\/hautsdefrance\/wp-json\/wp\/v2\/posts\/1608","targetHints":{"allow":["GET"]}}],"collection":[{"href":"https:\/\/sites.ffkarate.fr\/hautsdefrance\/wp-json\/wp\/v2\/posts"}],"about":[{"href":"https:\/\/sites.ffkarate.fr\/hautsdefrance\/wp-json\/wp\/v2\/types\/post"}],"author":[{"embeddable":true,"href":"https:\/\/sites.ffkarate.fr\/hautsdefrance\/wp-json\/wp\/v2\/users\/161"}],"replies":[{"embeddable":true,"href":"https:\/\/sites.ffkarate.fr\/hautsdefrance\/wp-json\/wp\/v2\/comments?post=1608"}],"version-history":[{"count":0,"href":"https:\/\/sites.ffkarate.fr\/hautsdefrance\/wp-json\/wp\/v2\/posts\/1608\/revisions"}],"wp:attachment":[{"href":"https:\/\/sites.ffkarate.fr\/hautsdefrance\/wp-json\/wp\/v2\/media?parent=1608"}],"wp:term":[{"taxonomy":"category","embeddable":true,"href":"https:\/\/sites.ffkarate.fr\/hautsdefrance\/wp-json\/wp\/v2\/categories?post=1608"},{"taxonomy":"post_tag","embeddable":true,"href":"https:\/\/sites.ffkarate.fr\/hautsdefrance\/wp-json\/wp\/v2\/tags?post=1608"}],"curies":[{"name":"wp","href":"https:\/\/api.w.org\/{rel}","templated":true}]}}