{"id":1651,"date":"2019-01-08T08:57:46","date_gmt":"2019-01-08T07:57:46","guid":{"rendered":"https:\/\/sites.ffkarate.fr\/hautsdefrance\/?post_type=news&amp;p=1651"},"modified":"2019-01-08T08:57:46","modified_gmt":"2019-01-08T07:57:46","slug":"entrainement-kata","status":"publish","type":"post","link":"https:\/\/sites.ffkarate.fr\/hautsdefrance\/2019\/01\/08\/entrainement-kata\/","title":{"rendered":"Entrainement KATA"},"content":{"rendered":"<div class=\"wpb-content-wrapper\"><p>[vc_row][vc_column][vc_column_text]<a href=\"https:\/\/sites.ffkarate.fr\/hautsdefrance\/wp-content\/uploads\/sites\/104\/2018\/12\/Capto_Capture-2018-12-10_02-30-19_PM.png\"><img decoding=\"async\" class=\"alignnone size-medium wp-image-1583 aligncenter\" src=\"https:\/\/sites.ffkarate.fr\/hautsdefrance\/wp-content\/uploads\/sites\/104\/2018\/12\/Capto_Capture-2018-12-10_02-30-19_PM-300x102.png\" alt=\"Capto_Capture 2018-12-10_02-30-19_PM\" width=\"300\" height=\"102\" \/><\/a><\/p>\n<p style=\"text-align: justify\">Les athl\u00e8tes kata des cat\u00e9gories minimes, cadets, juniors sont convoqu\u00e9s \u00e0 l&rsquo;entrainement qui aura lieu pendant le stage d&rsquo;arbitrage du 20\/01\/2019 au Dojo de Templemars de 14h \u00e0 16h.<br \/>\nLes benjamins m\u00e9daill\u00e9s (\u00e9lite et honneur) lors de la comp\u00e9tition de ZID kata du 06\/01\/19 sont \u00e9galement convi\u00e9s \u00e0 cet entrainement.<\/p>\n<p>Prochain entrainement kata de ZID (Minimes, Cadets, Juniors) le 27\/01 de 10h \u00e0 12h \u00e0 Faches-Thumesnil.<br \/>\nPour tout renseignement compl\u00e9mentaire:\u00a0<span style=\"color: #0000ff\"><a style=\"color: #0000ff\" href=\"mailto:preux.thomas@gmail.com\" target=\"_blank\" rel=\"nofollow noopener\">preux.thomas@gmail.com<\/a><\/span>[\/vc_column_text][\/vc_column][\/vc_row]<\/p>\n<\/div>","protected":false},"excerpt":{"rendered":"<p>[vc_row][vc_column][vc_column_text] Les athl\u00e8tes kata des cat\u00e9gories minimes, cadets, juniors sont convoqu\u00e9s \u00e0 l&rsquo;entrainement qui aura lieu pendant le stage d&rsquo;arbitrage du 20\/01\/2019 au Dojo de Templemars de 14h \u00e0 16h. Les benjamins m\u00e9daill\u00e9s (\u00e9lite et honneur) lors de la comp\u00e9tition de ZID kata du 06\/01\/19 sont \u00e9galement convi\u00e9s \u00e0 cet entrainement. Prochain entrainement kata de [&hellip;]<\/p>\n","protected":false},"author":161,"featured_media":1365,"comment_status":"closed","ping_status":"closed","sticky":false,"template":"","format":"standard","meta":{"footnotes":""},"categories":[1],"tags":[],"class_list":["post-1651","post","type-post","status-publish","format-standard","hentry","category-non-classe"],"_links":{"self":[{"href":"https:\/\/sites.ffkarate.fr\/hautsdefrance\/wp-json\/wp\/v2\/posts\/1651","targetHints":{"allow":["GET"]}}],"collection":[{"href":"https:\/\/sites.ffkarate.fr\/hautsdefrance\/wp-json\/wp\/v2\/posts"}],"about":[{"href":"https:\/\/sites.ffkarate.fr\/hautsdefrance\/wp-json\/wp\/v2\/types\/post"}],"author":[{"embeddable":true,"href":"https:\/\/sites.ffkarate.fr\/hautsdefrance\/wp-json\/wp\/v2\/users\/161"}],"replies":[{"embeddable":true,"href":"https:\/\/sites.ffkarate.fr\/hautsdefrance\/wp-json\/wp\/v2\/comments?post=1651"}],"version-history":[{"count":0,"href":"https:\/\/sites.ffkarate.fr\/hautsdefrance\/wp-json\/wp\/v2\/posts\/1651\/revisions"}],"wp:featuredmedia":[{"embeddable":true,"href":"https:\/\/sites.ffkarate.fr\/hautsdefrance\/wp-json\/wp\/v2\/media\/1365"}],"wp:attachment":[{"href":"https:\/\/sites.ffkarate.fr\/hautsdefrance\/wp-json\/wp\/v2\/media?parent=1651"}],"wp:term":[{"taxonomy":"category","embeddable":true,"href":"https:\/\/sites.ffkarate.fr\/hautsdefrance\/wp-json\/wp\/v2\/categories?post=1651"},{"taxonomy":"post_tag","embeddable":true,"href":"https:\/\/sites.ffkarate.fr\/hautsdefrance\/wp-json\/wp\/v2\/tags?post=1651"}],"curies":[{"name":"wp","href":"https:\/\/api.w.org\/{rel}","templated":true}]}}