{"id":1652,"date":"2019-01-08T14:38:38","date_gmt":"2019-01-08T13:38:38","guid":{"rendered":"https:\/\/sites.ffkarate.fr\/hautsdefrance\/?post_type=news&amp;p=1652"},"modified":"2019-01-08T14:38:38","modified_gmt":"2019-01-08T13:38:38","slug":"championnat-universitaire-et-unss","status":"publish","type":"post","link":"https:\/\/sites.ffkarate.fr\/hautsdefrance\/2019\/01\/08\/championnat-universitaire-et-unss\/","title":{"rendered":"Championnat FFSU et UNSS"},"content":{"rendered":"<div class=\"wpb-content-wrapper\"><p>[vc_row][vc_column][vc_column_text]<a href=\"https:\/\/sites.ffkarate.fr\/hautsdefrance\/wp-content\/uploads\/sites\/104\/2019\/01\/Champ-Fr-FFSU.jpg\"><img decoding=\"async\" class=\"size-medium wp-image-1655 aligncenter\" src=\"https:\/\/sites.ffkarate.fr\/hautsdefrance\/wp-content\/uploads\/sites\/104\/2019\/01\/Champ-Fr-FFSU-300x88.jpg\" alt=\"SONY DSC\" width=\"300\" height=\"88\" \/><\/a><\/p>\n<p style=\"text-align: left\">&#8211; <strong>Championnat Hauts-de-France Universitaire,<\/strong> le Jeudi 17 Janvier\u00a0<span class=\"yiv0971115695gmail_default\">au COSEC de<\/span>\u00a0Villeneuve d&rsquo;Ascq\u00a0<span class=\"yiv0971115695gmail_default\">\u00e0 partir de 17h30\u00a0<\/span>(Renseignements :<span style=\"color: #0000ff\">\u00a0<a style=\"color: #0000ff\" href=\"https:\/\/sport-u-hautsdefrance.com\/\" target=\"_blank\" rel=\"nofollow noopener\">https:\/\/sport-u-hautsdefrance.com\/<\/a><\/span>)<span class=\"yiv0971115695gmail_default\">\u00a0<\/span><\/p>\n<p style=\"text-align: left\"><a href=\"https:\/\/sites.ffkarate.fr\/hautsdefrance\/wp-content\/uploads\/sites\/104\/2019\/01\/Champ-Fr-UNSS.jpg\"><img decoding=\"async\" class=\"alignnone size-medium wp-image-1657\" src=\"https:\/\/sites.ffkarate.fr\/hautsdefrance\/wp-content\/uploads\/sites\/104\/2019\/01\/Champ-Fr-UNSS-300x125.jpg\" alt=\"Champ Fr UNSS\" width=\"300\" height=\"125\" \/><\/a><a href=\"https:\/\/sites.ffkarate.fr\/hautsdefrance\/wp-content\/uploads\/sites\/104\/2019\/01\/Formation-JO-UNSS.jpg\"><img decoding=\"async\" class=\"alignnone size-medium wp-image-1654\" src=\"https:\/\/sites.ffkarate.fr\/hautsdefrance\/wp-content\/uploads\/sites\/104\/2019\/01\/Formation-JO-UNSS-300x225.jpg\" alt=\"Formation JO UNSS\" width=\"200\" height=\"125\" \/><\/a><\/p>\n<p style=\"text-align: left\">&#8211; <strong>Championnat UNSS de Karat\u00e9<\/strong>, le 23 Janvier \u00e0 Tourcoing (Formation Jeune Officiel) et le 6 F\u00e9vrier (Comp\u00e9tition) au palais des Sports St Sauveur de Lille.<span class=\"yiv0971115695gmail_default\">\u00a0Renseignements sur OPUSS UNSS par les enseignants d&rsquo;EPS et la pi\u00e8ce jointe :<span style=\"color: #0000ff\"><strong><a style=\"color: #0000ff\" href=\"https:\/\/sites.ffkarate.fr\/hautsdefrance\/wp-content\/uploads\/sites\/104\/2019\/01\/LC_SR_Karate__2018_2019.1540834334240.pdf\" target=\"_blank\" rel=\"noopener\"> la lettre circulaire.<\/a>\u00a0<\/strong><\/span><\/span><\/p>\n<p>[\/vc_column_text][\/vc_column][\/vc_row]<\/p>\n<\/div>","protected":false},"excerpt":{"rendered":"<p>[vc_row][vc_column][vc_column_text] &#8211; Championnat Hauts-de-France Universitaire, le Jeudi 17 Janvier\u00a0au COSEC de\u00a0Villeneuve d&rsquo;Ascq\u00a0\u00e0 partir de 17h30\u00a0(Renseignements :\u00a0https:\/\/sport-u-hautsdefrance.com\/)\u00a0 &#8211; Championnat UNSS de Karat\u00e9, le 23 Janvier \u00e0 Tourcoing (Formation Jeune Officiel) et le 6 F\u00e9vrier (Comp\u00e9tition) au palais des Sports St Sauveur de Lille.\u00a0Renseignements sur OPUSS UNSS par les enseignants d&rsquo;EPS et la pi\u00e8ce jointe : la [&hellip;]<\/p>\n","protected":false},"author":161,"featured_media":1657,"comment_status":"closed","ping_status":"closed","sticky":false,"template":"","format":"standard","meta":{"footnotes":""},"categories":[1],"tags":[],"class_list":["post-1652","post","type-post","status-publish","format-standard","hentry","category-non-classe"],"_links":{"self":[{"href":"https:\/\/sites.ffkarate.fr\/hautsdefrance\/wp-json\/wp\/v2\/posts\/1652","targetHints":{"allow":["GET"]}}],"collection":[{"href":"https:\/\/sites.ffkarate.fr\/hautsdefrance\/wp-json\/wp\/v2\/posts"}],"about":[{"href":"https:\/\/sites.ffkarate.fr\/hautsdefrance\/wp-json\/wp\/v2\/types\/post"}],"author":[{"embeddable":true,"href":"https:\/\/sites.ffkarate.fr\/hautsdefrance\/wp-json\/wp\/v2\/users\/161"}],"replies":[{"embeddable":true,"href":"https:\/\/sites.ffkarate.fr\/hautsdefrance\/wp-json\/wp\/v2\/comments?post=1652"}],"version-history":[{"count":0,"href":"https:\/\/sites.ffkarate.fr\/hautsdefrance\/wp-json\/wp\/v2\/posts\/1652\/revisions"}],"wp:featuredmedia":[{"embeddable":true,"href":"https:\/\/sites.ffkarate.fr\/hautsdefrance\/wp-json\/wp\/v2\/media\/1657"}],"wp:attachment":[{"href":"https:\/\/sites.ffkarate.fr\/hautsdefrance\/wp-json\/wp\/v2\/media?parent=1652"}],"wp:term":[{"taxonomy":"category","embeddable":true,"href":"https:\/\/sites.ffkarate.fr\/hautsdefrance\/wp-json\/wp\/v2\/categories?post=1652"},{"taxonomy":"post_tag","embeddable":true,"href":"https:\/\/sites.ffkarate.fr\/hautsdefrance\/wp-json\/wp\/v2\/tags?post=1652"}],"curies":[{"name":"wp","href":"https:\/\/api.w.org\/{rel}","templated":true}]}}