{"id":2293,"date":"2020-03-18T08:03:56","date_gmt":"2020-03-18T07:03:56","guid":{"rendered":"https:\/\/sites.ffkarate.fr\/hautsdefrance\/?post_type=news&amp;p=2293"},"modified":"2020-03-18T08:03:56","modified_gmt":"2020-03-18T07:03:56","slug":"mesures-gouvernementales","status":"publish","type":"post","link":"https:\/\/sites.ffkarate.fr\/hautsdefrance\/2020\/03\/18\/mesures-gouvernementales\/","title":{"rendered":"Mesures gouvernementales"},"content":{"rendered":"<div class=\"wpb-content-wrapper\"><p>[vc_row][vc_column][vc_column_text]<a href=\"https:\/\/sites.ffkarate.fr\/hautsdefrance\/wp-content\/uploads\/sites\/113\/2020\/03\/1200px-Republique-francaise-logo.svg_.png\"><img decoding=\"async\" class=\"  wp-image-2294 alignleft\" src=\"https:\/\/sites.ffkarate.fr\/hautsdefrance\/wp-content\/uploads\/sites\/113\/2020\/03\/1200px-Republique-francaise-logo.svg_-1-300x272.png\" alt=\"1200px-Republique-francaise-logo.svg\" width=\"128\" height=\"115\" \/><\/a><\/p>\n<p>Nous vous rappelons les mesures prises par le Gouvernement \u00e0 compter de ce jour, mardi 17 mars \u00e0 12h\u00a0:<\/p>\n<p><strong><em>Les d\u00e9placements sont interdits sauf dans les cas suivants et uniquement \u00e0 condition d&rsquo;\u00eatre munis d&rsquo;une attestation pour :<\/em><\/strong><\/p>\n<ul>\n<li><em>Se d\u00e9placer de son domicile \u00e0 son lieu de travail d\u00e8s lors que le t\u00e9l\u00e9travail n\u2019est pas possible ;<\/em><\/li>\n<li><em>Faire ses achats de premi\u00e8re n\u00e9cessit\u00e9 dans les commerces de proximit\u00e9 autoris\u00e9s ;<\/em><\/li>\n<li><em>Se rendre aupr\u00e8s d\u2019un professionnel de sant\u00e9 ;<\/em><\/li>\n<li><em>Se d\u00e9placer pour la garde de ses enfants ou pour aider les personnes vuln\u00e9rables \u00e0 la stricte condition de respecter les gestes barri\u00e8res ;<\/em><\/li>\n<li><em>Faire de l\u2019exercice physique uniquement \u00e0 titre individuel, autour du domicile et sans aucun rassemblement.<\/em><\/li>\n<\/ul>\n<p>Merci de respecter ces r\u00e8gles. Restez chez vous.[\/vc_column_text][\/vc_column][\/vc_row]<\/p>\n<\/div>","protected":false},"excerpt":{"rendered":"<p>[vc_row][vc_column][vc_column_text] Nous vous rappelons les mesures prises par le Gouvernement \u00e0 compter de ce jour, mardi 17 mars \u00e0 12h\u00a0: Les d\u00e9placements sont interdits sauf dans les cas suivants et uniquement \u00e0 condition d&rsquo;\u00eatre munis d&rsquo;une attestation pour : Se d\u00e9placer de son domicile \u00e0 son lieu de travail d\u00e8s lors que le t\u00e9l\u00e9travail n\u2019est [&hellip;]<\/p>\n","protected":false},"author":161,"featured_media":2295,"comment_status":"closed","ping_status":"closed","sticky":false,"template":"","format":"standard","meta":{"footnotes":""},"categories":[1],"tags":[],"class_list":["post-2293","post","type-post","status-publish","format-standard","hentry","category-non-classe"],"_links":{"self":[{"href":"https:\/\/sites.ffkarate.fr\/hautsdefrance\/wp-json\/wp\/v2\/posts\/2293","targetHints":{"allow":["GET"]}}],"collection":[{"href":"https:\/\/sites.ffkarate.fr\/hautsdefrance\/wp-json\/wp\/v2\/posts"}],"about":[{"href":"https:\/\/sites.ffkarate.fr\/hautsdefrance\/wp-json\/wp\/v2\/types\/post"}],"author":[{"embeddable":true,"href":"https:\/\/sites.ffkarate.fr\/hautsdefrance\/wp-json\/wp\/v2\/users\/161"}],"replies":[{"embeddable":true,"href":"https:\/\/sites.ffkarate.fr\/hautsdefrance\/wp-json\/wp\/v2\/comments?post=2293"}],"version-history":[{"count":0,"href":"https:\/\/sites.ffkarate.fr\/hautsdefrance\/wp-json\/wp\/v2\/posts\/2293\/revisions"}],"wp:featuredmedia":[{"embeddable":true,"href":"https:\/\/sites.ffkarate.fr\/hautsdefrance\/wp-json\/wp\/v2\/media\/2295"}],"wp:attachment":[{"href":"https:\/\/sites.ffkarate.fr\/hautsdefrance\/wp-json\/wp\/v2\/media?parent=2293"}],"wp:term":[{"taxonomy":"category","embeddable":true,"href":"https:\/\/sites.ffkarate.fr\/hautsdefrance\/wp-json\/wp\/v2\/categories?post=2293"},{"taxonomy":"post_tag","embeddable":true,"href":"https:\/\/sites.ffkarate.fr\/hautsdefrance\/wp-json\/wp\/v2\/tags?post=2293"}],"curies":[{"name":"wp","href":"https:\/\/api.w.org\/{rel}","templated":true}]}}