{"id":2307,"date":"2020-04-29T19:11:21","date_gmt":"2020-04-29T17:11:21","guid":{"rendered":"https:\/\/sites.ffkarate.fr\/hautsdefrance\/?post_type=news&amp;p=2307"},"modified":"2020-04-29T19:11:21","modified_gmt":"2020-04-29T17:11:21","slug":"lettre-aux-presidents-de-club","status":"publish","type":"post","link":"https:\/\/sites.ffkarate.fr\/hautsdefrance\/2020\/04\/29\/lettre-aux-presidents-de-club\/","title":{"rendered":"Lettre aux Pr\u00e9sidents de Clubs"},"content":{"rendered":"<div class=\"wpb-content-wrapper\"><p>[vc_row][vc_column][vc_column_text]<\/p>\n<h2>A L&rsquo;ATTENTION DES PRESIDENTS DE CLUBS<\/h2>\n<p>Je vous prie de bien vouloir trouver en cliquant sur le lien ci-dessous un courrier de M. Francis Didier, Pr\u00e9sident de la FFKDA.<\/p>\n<p><span style=\"color: #0000ff\"><strong><a style=\"color: #0000ff\" href=\"https:\/\/www.ffkarate.fr\/wp-content\/uploads\/2020\/04\/INFORMATION-IMPORTANTE-COURRIER-DU-PRESIDENT-DE-LA-FFK.pdf\" target=\"_blank\" rel=\"noopener\">COURRIER DU PRESIDENT<\/a><\/strong><\/span><\/p>\n<p>Vous souhaitant bonne r\u00e9ception,<br \/>\nCordialement,<br \/>\nSabine Printemps<br \/>\nAssistante du Pr\u00e9sident[\/vc_column_text][\/vc_column][\/vc_row]<\/p>\n<\/div>","protected":false},"excerpt":{"rendered":"<p>[vc_row][vc_column][vc_column_text] A L&rsquo;ATTENTION DES PRESIDENTS DE CLUBS Je vous prie de bien vouloir trouver en cliquant sur le lien ci-dessous un courrier de M. Francis Didier, Pr\u00e9sident de la FFKDA. COURRIER DU PRESIDENT Vous souhaitant bonne r\u00e9ception, Cordialement, Sabine Printemps Assistante du Pr\u00e9sident[\/vc_column_text][\/vc_column][\/vc_row]<\/p>\n","protected":false},"author":161,"featured_media":2304,"comment_status":"closed","ping_status":"closed","sticky":false,"template":"","format":"standard","meta":{"footnotes":""},"categories":[1],"tags":[],"class_list":["post-2307","post","type-post","status-publish","format-standard","hentry","category-non-classe"],"_links":{"self":[{"href":"https:\/\/sites.ffkarate.fr\/hautsdefrance\/wp-json\/wp\/v2\/posts\/2307","targetHints":{"allow":["GET"]}}],"collection":[{"href":"https:\/\/sites.ffkarate.fr\/hautsdefrance\/wp-json\/wp\/v2\/posts"}],"about":[{"href":"https:\/\/sites.ffkarate.fr\/hautsdefrance\/wp-json\/wp\/v2\/types\/post"}],"author":[{"embeddable":true,"href":"https:\/\/sites.ffkarate.fr\/hautsdefrance\/wp-json\/wp\/v2\/users\/161"}],"replies":[{"embeddable":true,"href":"https:\/\/sites.ffkarate.fr\/hautsdefrance\/wp-json\/wp\/v2\/comments?post=2307"}],"version-history":[{"count":0,"href":"https:\/\/sites.ffkarate.fr\/hautsdefrance\/wp-json\/wp\/v2\/posts\/2307\/revisions"}],"wp:featuredmedia":[{"embeddable":true,"href":"https:\/\/sites.ffkarate.fr\/hautsdefrance\/wp-json\/wp\/v2\/media\/2304"}],"wp:attachment":[{"href":"https:\/\/sites.ffkarate.fr\/hautsdefrance\/wp-json\/wp\/v2\/media?parent=2307"}],"wp:term":[{"taxonomy":"category","embeddable":true,"href":"https:\/\/sites.ffkarate.fr\/hautsdefrance\/wp-json\/wp\/v2\/categories?post=2307"},{"taxonomy":"post_tag","embeddable":true,"href":"https:\/\/sites.ffkarate.fr\/hautsdefrance\/wp-json\/wp\/v2\/tags?post=2307"}],"curies":[{"name":"wp","href":"https:\/\/api.w.org\/{rel}","templated":true}]}}