{"id":2331,"date":"2020-07-05T09:48:04","date_gmt":"2020-07-05T07:48:04","guid":{"rendered":"https:\/\/sites.ffkarate.fr\/hautsdefrance\/?post_type=news&amp;p=2331"},"modified":"2020-07-05T09:48:04","modified_gmt":"2020-07-05T07:48:04","slug":"resultats-e-challenge-kata","status":"publish","type":"post","link":"https:\/\/sites.ffkarate.fr\/hautsdefrance\/2020\/07\/05\/resultats-e-challenge-kata\/","title":{"rendered":"R\u00e9sultats E-Challenge KATA"},"content":{"rendered":"<div class=\"wpb-content-wrapper\"><p>[vc_row][vc_column][vc_column_text]<a href=\"https:\/\/sites.ffkarate.fr\/hautsdefrance\/wp-content\/uploads\/sites\/113\/2020\/06\/ecompet.png\"><img decoding=\"async\" class=\"alignnone  wp-image-2322\" src=\"https:\/\/sites.ffkarate.fr\/hautsdefrance\/wp-content\/uploads\/sites\/113\/2020\/06\/ecompet-300x80.png\" alt=\"ecompet\" width=\"416\" height=\"111\" \/><\/a><\/p>\n<p>85 vid\u00e9os ont \u00e9t\u00e9 transmises pour cette premi\u00e8re manifestation virtuelle, c&rsquo;est un succ\u00e8s !!!<\/p>\n<p>Merci aux participants ainsi qu&rsquo;aux arbitres pour leurs investissements.<\/p>\n<p><span style=\"color: #0000ff\"><a style=\"color: #0000ff\" href=\"https:\/\/sites.ffkarate.fr\/hautsdefrance\/wp-content\/uploads\/sites\/113\/2020\/07\/Resultats-et-Classements-E-Challenge-Kata.pdf\" target=\"_blank\" rel=\"noopener\">R\u00e9sultats et Classements E-Challenge Kata<\/a><\/span><\/p>\n<div class=\"gmail_default\"><span style=\"text-decoration: underline\">Liste des arbitres ayant particip\u00e9 aux jurys<\/span><\/div>\n<div class=\"gmail_default\">Yahya KANDOUSSI<\/div>\n<div class=\"gmail_default\">Laurent SIX<\/div>\n<div class=\"gmail_default\">Zouhir KANDOUSSI<\/div>\n<div class=\"gmail_default\">C\u00e9line DARRAS<\/div>\n<div class=\"gmail_default\">Hicham KANDOUSSI<\/div>\n<div class=\"gmail_default\">Adel HAMZI<\/div>\n<div class=\"gmail_default\">Ahmed CHAOUCH<\/div>\n<div class=\"gmail_default\">Benjamin LACHAMBRE<\/div>\n<div class=\"gmail_default\">Ch\u00e9rif AYECHE<\/div>\n<div class=\"gmail_default\">Richard DEVIGNES<\/div>\n<p>[\/vc_column_text][\/vc_column][\/vc_row]<\/p>\n<\/div>","protected":false},"excerpt":{"rendered":"<p>[vc_row][vc_column][vc_column_text] 85 vid\u00e9os ont \u00e9t\u00e9 transmises pour cette premi\u00e8re manifestation virtuelle, c&rsquo;est un succ\u00e8s !!! Merci aux participants ainsi qu&rsquo;aux arbitres pour leurs investissements. R\u00e9sultats et Classements E-Challenge Kata Liste des arbitres ayant particip\u00e9 aux jurys Yahya KANDOUSSI Laurent SIX Zouhir KANDOUSSI C\u00e9line DARRAS Hicham KANDOUSSI Adel HAMZI Ahmed CHAOUCH Benjamin LACHAMBRE Ch\u00e9rif AYECHE Richard [&hellip;]<\/p>\n","protected":false},"author":161,"featured_media":2322,"comment_status":"closed","ping_status":"closed","sticky":false,"template":"","format":"standard","meta":{"footnotes":""},"categories":[1],"tags":[],"class_list":["post-2331","post","type-post","status-publish","format-standard","hentry","category-non-classe"],"_links":{"self":[{"href":"https:\/\/sites.ffkarate.fr\/hautsdefrance\/wp-json\/wp\/v2\/posts\/2331","targetHints":{"allow":["GET"]}}],"collection":[{"href":"https:\/\/sites.ffkarate.fr\/hautsdefrance\/wp-json\/wp\/v2\/posts"}],"about":[{"href":"https:\/\/sites.ffkarate.fr\/hautsdefrance\/wp-json\/wp\/v2\/types\/post"}],"author":[{"embeddable":true,"href":"https:\/\/sites.ffkarate.fr\/hautsdefrance\/wp-json\/wp\/v2\/users\/161"}],"replies":[{"embeddable":true,"href":"https:\/\/sites.ffkarate.fr\/hautsdefrance\/wp-json\/wp\/v2\/comments?post=2331"}],"version-history":[{"count":0,"href":"https:\/\/sites.ffkarate.fr\/hautsdefrance\/wp-json\/wp\/v2\/posts\/2331\/revisions"}],"wp:featuredmedia":[{"embeddable":true,"href":"https:\/\/sites.ffkarate.fr\/hautsdefrance\/wp-json\/wp\/v2\/media\/2322"}],"wp:attachment":[{"href":"https:\/\/sites.ffkarate.fr\/hautsdefrance\/wp-json\/wp\/v2\/media?parent=2331"}],"wp:term":[{"taxonomy":"category","embeddable":true,"href":"https:\/\/sites.ffkarate.fr\/hautsdefrance\/wp-json\/wp\/v2\/categories?post=2331"},{"taxonomy":"post_tag","embeddable":true,"href":"https:\/\/sites.ffkarate.fr\/hautsdefrance\/wp-json\/wp\/v2\/tags?post=2331"}],"curies":[{"name":"wp","href":"https:\/\/api.w.org\/{rel}","templated":true}]}}