{"id":2416,"date":"2020-09-12T14:37:27","date_gmt":"2020-09-12T12:37:27","guid":{"rendered":"https:\/\/sites.ffkarate.fr\/hautsdefrance\/?post_type=news&amp;p=2416"},"modified":"2020-09-12T14:37:27","modified_gmt":"2020-09-12T12:37:27","slug":"elections-des-representant-wushu","status":"publish","type":"post","link":"https:\/\/sites.ffkarate.fr\/hautsdefrance\/2020\/09\/12\/elections-des-representant-wushu\/","title":{"rendered":"Elections des repr\u00e9sentants Wushu"},"content":{"rendered":"<div class=\"wpb-content-wrapper\"><p>[vc_row][vc_column][vc_column_text]<\/p>\n<p style=\"text-align: justify\"><a href=\"https:\/\/sites.ffkarate.fr\/hautsdefrance\/wp-content\/uploads\/sites\/113\/2020\/09\/IMG_0328.jpg\"><img decoding=\"async\" class=\" size-medium wp-image-2414 alignleft\" src=\"https:\/\/sites.ffkarate.fr\/hautsdefrance\/wp-content\/uploads\/sites\/113\/2020\/09\/IMG_0328-300x225.jpg\" alt=\"IMG_0328\" width=\"300\" height=\"225\" \/><\/a>L&rsquo;\u00e9lection des repr\u00e9sentants des clubs de Wushu pour notre ligue des Hauts de France s&rsquo;est d\u00e9roul\u00e9e ce samedi 12 septembre 2020 au si\u00e8ge de notre ligue.<\/p>\n<p><span style=\"text-decoration: underline\">Ont \u00e9t\u00e9 \u00e9lu comme titulaires:<\/span><br \/>\nMr M.BAGHDADIA<br \/>\nMr E.EVRARD<br \/>\nMr S.DUBUS<\/p>\n<p>F\u00e9licitations ![\/vc_column_text][\/vc_column][\/vc_row]<\/p>\n<\/div>","protected":false},"excerpt":{"rendered":"<p>[vc_row][vc_column][vc_column_text] L&rsquo;\u00e9lection des repr\u00e9sentants des clubs de Wushu pour notre ligue des Hauts de France s&rsquo;est d\u00e9roul\u00e9e ce samedi 12 septembre 2020 au si\u00e8ge de notre ligue. Ont \u00e9t\u00e9 \u00e9lu comme titulaires: Mr M.BAGHDADIA Mr E.EVRARD Mr S.DUBUS F\u00e9licitations ![\/vc_column_text][\/vc_column][\/vc_row]<\/p>\n","protected":false},"author":161,"featured_media":2414,"comment_status":"closed","ping_status":"closed","sticky":false,"template":"","format":"standard","meta":{"footnotes":""},"categories":[1],"tags":[],"class_list":["post-2416","post","type-post","status-publish","format-standard","hentry","category-non-classe"],"_links":{"self":[{"href":"https:\/\/sites.ffkarate.fr\/hautsdefrance\/wp-json\/wp\/v2\/posts\/2416","targetHints":{"allow":["GET"]}}],"collection":[{"href":"https:\/\/sites.ffkarate.fr\/hautsdefrance\/wp-json\/wp\/v2\/posts"}],"about":[{"href":"https:\/\/sites.ffkarate.fr\/hautsdefrance\/wp-json\/wp\/v2\/types\/post"}],"author":[{"embeddable":true,"href":"https:\/\/sites.ffkarate.fr\/hautsdefrance\/wp-json\/wp\/v2\/users\/161"}],"replies":[{"embeddable":true,"href":"https:\/\/sites.ffkarate.fr\/hautsdefrance\/wp-json\/wp\/v2\/comments?post=2416"}],"version-history":[{"count":0,"href":"https:\/\/sites.ffkarate.fr\/hautsdefrance\/wp-json\/wp\/v2\/posts\/2416\/revisions"}],"wp:featuredmedia":[{"embeddable":true,"href":"https:\/\/sites.ffkarate.fr\/hautsdefrance\/wp-json\/wp\/v2\/media\/2414"}],"wp:attachment":[{"href":"https:\/\/sites.ffkarate.fr\/hautsdefrance\/wp-json\/wp\/v2\/media?parent=2416"}],"wp:term":[{"taxonomy":"category","embeddable":true,"href":"https:\/\/sites.ffkarate.fr\/hautsdefrance\/wp-json\/wp\/v2\/categories?post=2416"},{"taxonomy":"post_tag","embeddable":true,"href":"https:\/\/sites.ffkarate.fr\/hautsdefrance\/wp-json\/wp\/v2\/tags?post=2416"}],"curies":[{"name":"wp","href":"https:\/\/api.w.org\/{rel}","templated":true}]}}