{"id":2492,"date":"2020-10-31T12:41:50","date_gmt":"2020-10-31T11:41:50","guid":{"rendered":"https:\/\/sites.ffkarate.fr\/hautsdefrance\/?post_type=news&amp;p=2492"},"modified":"2020-10-31T12:41:50","modified_gmt":"2020-10-31T11:41:50","slug":"nomination-directeur-technique-regional","status":"publish","type":"post","link":"https:\/\/sites.ffkarate.fr\/hautsdefrance\/2020\/10\/31\/nomination-directeur-technique-regional\/","title":{"rendered":"Nomination Directeur Technique R\u00e9gional"},"content":{"rendered":"<div class=\"wpb-content-wrapper\"><p>[vc_row][vc_column][vc_column_text]&nbsp;<\/p>\n<p style=\"text-align: justify\"><a href=\"https:\/\/sites.ffkarate.fr\/hautsdefrance\/wp-content\/uploads\/sites\/113\/2020\/10\/nomination.jpg\"><img decoding=\"async\" class=\" size-medium wp-image-2493 alignleft\" src=\"https:\/\/sites.ffkarate.fr\/hautsdefrance\/wp-content\/uploads\/sites\/113\/2020\/10\/nomination-300x196.jpg\" alt=\"nomination\" width=\"300\" height=\"196\" \/><\/a><\/p>\n<p style=\"text-align: justify\">La Direction Technique Nationale (DTN) de notre f\u00e9d\u00e9ration FFK a retenu la candidature au poste de Directeur Technique R\u00e9gional (DTR) de Mr Marc BANASZEWSKI.<!--more--><\/p>\n<div class=\"page\" title=\"Page 1\">\n<div class=\"layoutArea\">\n<div class=\"column\">\n<div class=\"column\">\n<p style=\"text-align: justify\">\u00c0 ce titre, il est reconduit dans la fonction qu&rsquo;il occupait, il sera de nouveau le repr\u00e9sentant du Directeur Technique National \u00a0Mr Dominique CHARRE et responsable op\u00e9rationnel de la mise en oeuvre des missions f\u00e9d\u00e9rales de d\u00e9veloppement et de structuration du karat\u00e9 et des disciplines associ\u00e9es de notre ligue.<\/p>\n<div class=\"page\" title=\"Page 1\">\n<div class=\"layoutArea\">\n<div class=\"column\">\n<p style=\"text-align: justify\">Cette nomination prend effet \u00e0 compter de ce jour, pour l\u2019ensemble de l\u2019olympiade 2020\/2024.<\/p>\n<\/div>\n<\/div>\n<\/div>\n<\/div>\n<\/div>\n<\/div>\n<\/div>\n<p>[\/vc_column_text][\/vc_column][\/vc_row]<\/p>\n<\/div>","protected":false},"excerpt":{"rendered":"<p>[vc_row][vc_column][vc_column_text]&nbsp; La Direction Technique Nationale (DTN) de notre f\u00e9d\u00e9ration FFK a retenu la candidature au poste de Directeur Technique R\u00e9gional (DTR) de Mr Marc BANASZEWSKI.<\/p>\n","protected":false},"author":161,"featured_media":2494,"comment_status":"closed","ping_status":"closed","sticky":false,"template":"","format":"standard","meta":{"footnotes":""},"categories":[1],"tags":[],"class_list":["post-2492","post","type-post","status-publish","format-standard","hentry","category-non-classe"],"_links":{"self":[{"href":"https:\/\/sites.ffkarate.fr\/hautsdefrance\/wp-json\/wp\/v2\/posts\/2492","targetHints":{"allow":["GET"]}}],"collection":[{"href":"https:\/\/sites.ffkarate.fr\/hautsdefrance\/wp-json\/wp\/v2\/posts"}],"about":[{"href":"https:\/\/sites.ffkarate.fr\/hautsdefrance\/wp-json\/wp\/v2\/types\/post"}],"author":[{"embeddable":true,"href":"https:\/\/sites.ffkarate.fr\/hautsdefrance\/wp-json\/wp\/v2\/users\/161"}],"replies":[{"embeddable":true,"href":"https:\/\/sites.ffkarate.fr\/hautsdefrance\/wp-json\/wp\/v2\/comments?post=2492"}],"version-history":[{"count":0,"href":"https:\/\/sites.ffkarate.fr\/hautsdefrance\/wp-json\/wp\/v2\/posts\/2492\/revisions"}],"wp:featuredmedia":[{"embeddable":true,"href":"https:\/\/sites.ffkarate.fr\/hautsdefrance\/wp-json\/wp\/v2\/media\/2494"}],"wp:attachment":[{"href":"https:\/\/sites.ffkarate.fr\/hautsdefrance\/wp-json\/wp\/v2\/media?parent=2492"}],"wp:term":[{"taxonomy":"category","embeddable":true,"href":"https:\/\/sites.ffkarate.fr\/hautsdefrance\/wp-json\/wp\/v2\/categories?post=2492"},{"taxonomy":"post_tag","embeddable":true,"href":"https:\/\/sites.ffkarate.fr\/hautsdefrance\/wp-json\/wp\/v2\/tags?post=2492"}],"curies":[{"name":"wp","href":"https:\/\/api.w.org\/{rel}","templated":true}]}}