{"id":2811,"date":"2020-02-23T18:08:18","date_gmt":"2020-02-23T17:08:18","guid":{"rendered":"https:\/\/sites.ffkarate.fr\/hautsdefrance\/?post_type=news&amp;p=2247"},"modified":"2020-02-23T18:08:18","modified_gmt":"2020-02-23T17:08:18","slug":"open-et-championnat-de-ligue-2","status":"publish","type":"post","link":"https:\/\/sites.ffkarate.fr\/hautsdefrance\/2020\/02\/23\/open-et-championnat-de-ligue-2\/","title":{"rendered":"Open et championnat de Ligue HDF"},"content":{"rendered":"<div class=\"wpb-content-wrapper\"><p>[vc_row][vc_column][vc_column_text]<a href=\"https:\/\/sites.ffkarate.fr\/hautsdefrance\/wp-content\/uploads\/sites\/113\/2019\/09\/important-information-768x432-1.jpg\"><img decoding=\"async\" class=\" size-medium wp-image-1945 aligncenter\" src=\"https:\/\/sites.ffkarate.fr\/hautsdefrance\/wp-content\/uploads\/sites\/113\/2019\/09\/important-information-768x432-1-300x169.jpg\" alt=\"important-information--768x432\" width=\"300\" height=\"169\" \/><\/a><\/p>\n<p>Listes des Inscrits pour le championnat de Ligue HDF de Karat\u00e9<\/p>\n<p><span style=\"color: #0000ff\"><a style=\"color: #0000ff\" href=\"https:\/\/sites.ffkarate.fr\/hautsdefrance\/wp-content\/uploads\/sites\/113\/2020\/02\/Championnat_Ligue_Regionale_Hauts_de_France_Kata_Minimes.pdf\">Championnat_Ligue_R\u00e9gionale_Hauts_de_France_Kata_(Minimes)<\/a> <\/span><br \/>\n<span style=\"color: #0000ff\"><a style=\"color: #0000ff\" href=\"https:\/\/sites.ffkarate.fr\/hautsdefrance\/wp-content\/uploads\/sites\/113\/2020\/02\/Championnat_Ligue_Regionale_Hauts_de_France_Combat_Minimes.pdf\">Championnat_Ligue_R\u00e9gionale_Hauts_de_France_Combat_(Minimes)<\/a><\/span><\/p>\n<p><span style=\"color: #0000ff\"><a style=\"color: #0000ff\" href=\"https:\/\/sites.ffkarate.fr\/hautsdefrance\/wp-content\/uploads\/sites\/113\/2020\/02\/Championnat_de_la_Ligue_Regionale_Hauts_de_France_Kata_Cadets-a-Seniors.pdf\">Championnat_de_la_Ligue_R\u00e9gionale_Hauts_de_France_Kata_(Cadets \u00e0 S\u00e9niors)<\/a><\/span><br \/>\n<span style=\"color: #0000ff\"><a style=\"color: #0000ff\" href=\"https:\/\/sites.ffkarate.fr\/hautsdefrance\/wp-content\/uploads\/sites\/113\/2020\/02\/Championnat_Ligue_Regionale_Hauts_de_France_Combat_Cadets-a-Seniors.pdf\">Championnat_Ligue_R\u00e9gionale_Hauts_de_France_Combat_(Cadets \u00e0 S\u00e9niors)<\/a>\u00a0<\/span>[\/vc_column_text][\/vc_column][\/vc_row]<\/p>\n<\/div>","protected":false},"excerpt":{"rendered":"<p>[vc_row][vc_column][vc_column_text] Listes des Inscrits pour le championnat de Ligue HDF de Karat\u00e9 Championnat_Ligue_R\u00e9gionale_Hauts_de_France_Kata_(Minimes) Championnat_Ligue_R\u00e9gionale_Hauts_de_France_Combat_(Minimes) Championnat_de_la_Ligue_R\u00e9gionale_Hauts_de_France_Kata_(Cadets \u00e0 S\u00e9niors) Championnat_Ligue_R\u00e9gionale_Hauts_de_France_Combat_(Cadets \u00e0 S\u00e9niors)\u00a0[\/vc_column_text][\/vc_column][\/vc_row]<\/p>\n","protected":false},"author":161,"featured_media":2174,"comment_status":"closed","ping_status":"closed","sticky":false,"template":"","format":"standard","meta":{"footnotes":""},"categories":[1],"tags":[],"class_list":["post-2811","post","type-post","status-publish","format-standard","hentry","category-non-classe"],"_links":{"self":[{"href":"https:\/\/sites.ffkarate.fr\/hautsdefrance\/wp-json\/wp\/v2\/posts\/2811","targetHints":{"allow":["GET"]}}],"collection":[{"href":"https:\/\/sites.ffkarate.fr\/hautsdefrance\/wp-json\/wp\/v2\/posts"}],"about":[{"href":"https:\/\/sites.ffkarate.fr\/hautsdefrance\/wp-json\/wp\/v2\/types\/post"}],"author":[{"embeddable":true,"href":"https:\/\/sites.ffkarate.fr\/hautsdefrance\/wp-json\/wp\/v2\/users\/161"}],"replies":[{"embeddable":true,"href":"https:\/\/sites.ffkarate.fr\/hautsdefrance\/wp-json\/wp\/v2\/comments?post=2811"}],"version-history":[{"count":0,"href":"https:\/\/sites.ffkarate.fr\/hautsdefrance\/wp-json\/wp\/v2\/posts\/2811\/revisions"}],"wp:featuredmedia":[{"embeddable":true,"href":"https:\/\/sites.ffkarate.fr\/hautsdefrance\/wp-json\/wp\/v2\/media\/2174"}],"wp:attachment":[{"href":"https:\/\/sites.ffkarate.fr\/hautsdefrance\/wp-json\/wp\/v2\/media?parent=2811"}],"wp:term":[{"taxonomy":"category","embeddable":true,"href":"https:\/\/sites.ffkarate.fr\/hautsdefrance\/wp-json\/wp\/v2\/categories?post=2811"},{"taxonomy":"post_tag","embeddable":true,"href":"https:\/\/sites.ffkarate.fr\/hautsdefrance\/wp-json\/wp\/v2\/tags?post=2811"}],"curies":[{"name":"wp","href":"https:\/\/api.w.org\/{rel}","templated":true}]}}