{"id":3528,"date":"2021-10-15T10:49:24","date_gmt":"2021-10-15T08:49:24","guid":{"rendered":"https:\/\/sites.ffkarate.fr\/hautsdefrance\/?p=3528"},"modified":"2021-10-15T10:50:31","modified_gmt":"2021-10-15T08:50:31","slug":"entrainement-regional-kata","status":"publish","type":"post","link":"https:\/\/sites.ffkarate.fr\/hautsdefrance\/2021\/10\/15\/entrainement-regional-kata\/","title":{"rendered":"Entrainement r\u00e9gional Kata"},"content":{"rendered":"<div class=\"wpb-content-wrapper\"><p>[vc_row][vc_column width=\u00a0\u00bb1\/3&Prime;][vc_single_image image=\u00a0\u00bb2598&Prime;][\/vc_column][vc_column width=\u00a0\u00bb2\/3&Prime;][vc_column_text]<\/p>\n<h2 class=\"h2 post_title\">Rappel Entra\u00eenement Kata (Benjamins \u00e0 Juniors)<\/h2>\n<dl class=\"event_details\">\n<dd class=\"event_date\">Le Dim. 17 Octobre 2021<br \/>\nde 10h \u00e0 12h<\/dd>\n<dd class=\"event_place\"><a href=\"http:\/\/maps.google.co.in\/maps?q=FACHES-THUMESNIL+%2859%29\" target=\"_blank\" rel=\"noopener\">FACHES-THUMESNIL (59)<\/a><\/dd>\n<\/dl>\n<p>[\/vc_column_text][\/vc_column][\/vc_row]<\/p>\n<\/div>","protected":false},"excerpt":{"rendered":"<p>[vc_row][vc_column width=\u00a0\u00bb1\/3&Prime;][vc_single_image image=\u00a0\u00bb2598&Prime;][\/vc_column][vc_column width=\u00a0\u00bb2\/3&Prime;][vc_column_text] Rappel Entra\u00eenement Kata (Benjamins \u00e0 Juniors) Le Dim. 17 Octobre 2021 de 10h \u00e0 12h FACHES-THUMESNIL (59) [\/vc_column_text][\/vc_column][\/vc_row]<\/p>\n","protected":false},"author":161,"featured_media":1365,"comment_status":"open","ping_status":"open","sticky":false,"template":"","format":"standard","meta":{"footnotes":""},"categories":[10,5],"tags":[],"class_list":["post-3528","post","type-post","status-publish","format-standard","hentry","category-competitions","category-actualites"],"_links":{"self":[{"href":"https:\/\/sites.ffkarate.fr\/hautsdefrance\/wp-json\/wp\/v2\/posts\/3528","targetHints":{"allow":["GET"]}}],"collection":[{"href":"https:\/\/sites.ffkarate.fr\/hautsdefrance\/wp-json\/wp\/v2\/posts"}],"about":[{"href":"https:\/\/sites.ffkarate.fr\/hautsdefrance\/wp-json\/wp\/v2\/types\/post"}],"author":[{"embeddable":true,"href":"https:\/\/sites.ffkarate.fr\/hautsdefrance\/wp-json\/wp\/v2\/users\/161"}],"replies":[{"embeddable":true,"href":"https:\/\/sites.ffkarate.fr\/hautsdefrance\/wp-json\/wp\/v2\/comments?post=3528"}],"version-history":[{"count":2,"href":"https:\/\/sites.ffkarate.fr\/hautsdefrance\/wp-json\/wp\/v2\/posts\/3528\/revisions"}],"predecessor-version":[{"id":3530,"href":"https:\/\/sites.ffkarate.fr\/hautsdefrance\/wp-json\/wp\/v2\/posts\/3528\/revisions\/3530"}],"wp:featuredmedia":[{"embeddable":true,"href":"https:\/\/sites.ffkarate.fr\/hautsdefrance\/wp-json\/wp\/v2\/media\/1365"}],"wp:attachment":[{"href":"https:\/\/sites.ffkarate.fr\/hautsdefrance\/wp-json\/wp\/v2\/media?parent=3528"}],"wp:term":[{"taxonomy":"category","embeddable":true,"href":"https:\/\/sites.ffkarate.fr\/hautsdefrance\/wp-json\/wp\/v2\/categories?post=3528"},{"taxonomy":"post_tag","embeddable":true,"href":"https:\/\/sites.ffkarate.fr\/hautsdefrance\/wp-json\/wp\/v2\/tags?post=3528"}],"curies":[{"name":"wp","href":"https:\/\/api.w.org\/{rel}","templated":true}]}}