{"id":3686,"date":"2021-12-06T11:00:59","date_gmt":"2021-12-06T10:00:59","guid":{"rendered":"https:\/\/sites.ffkarate.fr\/hautsdefrance\/?p=3686"},"modified":"2021-12-19T18:47:39","modified_gmt":"2021-12-19T17:47:39","slug":"liste-candidats-examen-5-dan-2","status":"publish","type":"post","link":"https:\/\/sites.ffkarate.fr\/hautsdefrance\/2021\/12\/06\/liste-candidats-examen-5-dan-2\/","title":{"rendered":"Liste candidats Examen 5 DAN"},"content":{"rendered":"<div class=\"wpb-content-wrapper\"><p>[vc_row][vc_column][vc_column_text]Liste des candidats dont le dossier a \u00e9t\u00e9 retenu pour l&rsquo;examen de grade 5DAN du dimanche 19 d\u00e9cembre 2021 \u00e0 Flines Les R\u00e2ches. Une convocation personnelle va leur \u00eatre transmise en pr\u00e9cisant l&rsquo;horaire de leur passage ainsi que l&rsquo;adresse de la salle.<\/p>\n<p><!--more--><\/p>\n<table style=\"height: 205px\" width=\"222\">\n<tbody>\n<tr>\n<td width=\"176\">BERTRAND MICHEL<\/td>\n<\/tr>\n<tr>\n<td>CAL FABIENNE<\/td>\n<\/tr>\n<tr>\n<td>LEVEQUE CHRISTOPHE<\/td>\n<\/tr>\n<tr>\n<td>MARS SEBASTIEN<\/td>\n<\/tr>\n<tr>\n<td>MAZET CHRISTOPHE<\/td>\n<\/tr>\n<tr>\n<td>POULET MATHIEU<\/td>\n<\/tr>\n<\/tbody>\n<\/table>\n<p>[\/vc_column_text][\/vc_column][\/vc_row][vc_row][vc_column][vc_single_image image=\u00a0\u00bb3722&Prime;][\/vc_column][\/vc_row]<\/p>\n<\/div>","protected":false},"excerpt":{"rendered":"<p>[vc_row][vc_column][vc_column_text]Liste des candidats dont le dossier a \u00e9t\u00e9 retenu pour l&rsquo;examen de grade 5DAN du dimanche 19 d\u00e9cembre 2021 \u00e0 Flines Les R\u00e2ches. Une convocation personnelle va leur \u00eatre transmise en pr\u00e9cisant l&rsquo;horaire de leur passage ainsi que l&rsquo;adresse de la salle.<\/p>\n","protected":false},"author":161,"featured_media":749,"comment_status":"closed","ping_status":"closed","sticky":false,"template":"","format":"standard","meta":{"footnotes":""},"categories":[12],"tags":[],"class_list":["post-3686","post","type-post","status-publish","format-standard","hentry","category-grades"],"_links":{"self":[{"href":"https:\/\/sites.ffkarate.fr\/hautsdefrance\/wp-json\/wp\/v2\/posts\/3686","targetHints":{"allow":["GET"]}}],"collection":[{"href":"https:\/\/sites.ffkarate.fr\/hautsdefrance\/wp-json\/wp\/v2\/posts"}],"about":[{"href":"https:\/\/sites.ffkarate.fr\/hautsdefrance\/wp-json\/wp\/v2\/types\/post"}],"author":[{"embeddable":true,"href":"https:\/\/sites.ffkarate.fr\/hautsdefrance\/wp-json\/wp\/v2\/users\/161"}],"replies":[{"embeddable":true,"href":"https:\/\/sites.ffkarate.fr\/hautsdefrance\/wp-json\/wp\/v2\/comments?post=3686"}],"version-history":[{"count":4,"href":"https:\/\/sites.ffkarate.fr\/hautsdefrance\/wp-json\/wp\/v2\/posts\/3686\/revisions"}],"predecessor-version":[{"id":3723,"href":"https:\/\/sites.ffkarate.fr\/hautsdefrance\/wp-json\/wp\/v2\/posts\/3686\/revisions\/3723"}],"wp:featuredmedia":[{"embeddable":true,"href":"https:\/\/sites.ffkarate.fr\/hautsdefrance\/wp-json\/wp\/v2\/media\/749"}],"wp:attachment":[{"href":"https:\/\/sites.ffkarate.fr\/hautsdefrance\/wp-json\/wp\/v2\/media?parent=3686"}],"wp:term":[{"taxonomy":"category","embeddable":true,"href":"https:\/\/sites.ffkarate.fr\/hautsdefrance\/wp-json\/wp\/v2\/categories?post=3686"},{"taxonomy":"post_tag","embeddable":true,"href":"https:\/\/sites.ffkarate.fr\/hautsdefrance\/wp-json\/wp\/v2\/tags?post=3686"}],"curies":[{"name":"wp","href":"https:\/\/api.w.org\/{rel}","templated":true}]}}