{"id":3756,"date":"2022-01-16T10:00:51","date_gmt":"2022-01-16T09:00:51","guid":{"rendered":"https:\/\/sites.ffkarate.fr\/hautsdefrance\/?p=3756"},"modified":"2022-01-16T10:00:51","modified_gmt":"2022-01-16T09:00:51","slug":"stage-jeunes-arbitres-et-coupe-mini-poussins-et-poussins","status":"publish","type":"post","link":"https:\/\/sites.ffkarate.fr\/hautsdefrance\/2022\/01\/16\/stage-jeunes-arbitres-et-coupe-mini-poussins-et-poussins\/","title":{"rendered":"Stage jeunes arbitres et coupe mini-poussins et poussins"},"content":{"rendered":"<div class=\"wpb-content-wrapper\"><p>[vc_row][vc_column][vc_column_text]Samedi 15 janvier 2022 \u00e0 Templemars un stage jeunes arbitres s&rsquo;est tenu suivi d&rsquo;une mini-comp\u00e9tition des plus jeunes, encadr\u00e9 par Sofia MEKHANNENE et Nassim MEDDAH<br \/>\nCette animation s&rsquo;est tenue sous la supervision de Luigi CARITCHY, charg\u00e9 de mission pour les jeunes arbitres de la Ligue.<\/p>\n<p>Mise \u00e0 l&rsquo;honneur des jeunes arbitres :<br \/>\nVALENTIN Judith<br \/>\nDUGRAIN Agathe<br \/>\nBIYYI Mou\u00e2dh<br \/>\nCAUDRELIER Florian<\/p>\n<p>Les r\u00e9sultats:<\/p>\n<p><strong>En Kata <\/strong><br \/>\n1<sup>er<\/sup> \u2013 EL MESBAHI Ayoub \u2013 SK Tourcoing<br \/>\n2<sup>e<\/sup> \u2013 CHOUKOUD Hamza \u2013 ASPTT Lille<br \/>\n3<sup>e<\/sup> \u2013 LARCIN Noellan \u2013 Sabatier KC<\/p>\n<p><strong>En Combat<\/strong><br \/>\n1<sup>er<\/sup> \u2013 EL MESBAHI Ayoub \u2013 SK Tourcoing<br \/>\n2<sup>e<\/sup> \u2013 CHOUKOUD Hamza \u2013 ASPTT Lille<br \/>\n3<sup>e<\/sup> \u2013 LARCIN Noellan \u2013 Sabatier KC<br \/>\n[\/vc_column_text][\/vc_column][\/vc_row]<\/p>\n<\/div>","protected":false},"excerpt":{"rendered":"<p>[vc_row][vc_column][vc_column_text]Samedi 15 janvier 2022 \u00e0 Templemars un stage jeunes arbitres s&rsquo;est tenu suivi d&rsquo;une mini-comp\u00e9tition des plus jeunes, encadr\u00e9 par Sofia MEKHANNENE et Nassim MEDDAH Cette animation s&rsquo;est tenue sous la supervision de Luigi CARITCHY, charg\u00e9 de mission pour les jeunes arbitres de la Ligue. Mise \u00e0 l&rsquo;honneur des jeunes arbitres : VALENTIN Judith DUGRAIN [&hellip;]<\/p>\n","protected":false},"author":161,"featured_media":3755,"comment_status":"closed","ping_status":"closed","sticky":false,"template":"","format":"standard","meta":{"footnotes":""},"categories":[8],"tags":[],"class_list":["post-3756","post","type-post","status-publish","format-standard","hentry","category-arbitrage"],"_links":{"self":[{"href":"https:\/\/sites.ffkarate.fr\/hautsdefrance\/wp-json\/wp\/v2\/posts\/3756","targetHints":{"allow":["GET"]}}],"collection":[{"href":"https:\/\/sites.ffkarate.fr\/hautsdefrance\/wp-json\/wp\/v2\/posts"}],"about":[{"href":"https:\/\/sites.ffkarate.fr\/hautsdefrance\/wp-json\/wp\/v2\/types\/post"}],"author":[{"embeddable":true,"href":"https:\/\/sites.ffkarate.fr\/hautsdefrance\/wp-json\/wp\/v2\/users\/161"}],"replies":[{"embeddable":true,"href":"https:\/\/sites.ffkarate.fr\/hautsdefrance\/wp-json\/wp\/v2\/comments?post=3756"}],"version-history":[{"count":1,"href":"https:\/\/sites.ffkarate.fr\/hautsdefrance\/wp-json\/wp\/v2\/posts\/3756\/revisions"}],"predecessor-version":[{"id":3757,"href":"https:\/\/sites.ffkarate.fr\/hautsdefrance\/wp-json\/wp\/v2\/posts\/3756\/revisions\/3757"}],"wp:featuredmedia":[{"embeddable":true,"href":"https:\/\/sites.ffkarate.fr\/hautsdefrance\/wp-json\/wp\/v2\/media\/3755"}],"wp:attachment":[{"href":"https:\/\/sites.ffkarate.fr\/hautsdefrance\/wp-json\/wp\/v2\/media?parent=3756"}],"wp:term":[{"taxonomy":"category","embeddable":true,"href":"https:\/\/sites.ffkarate.fr\/hautsdefrance\/wp-json\/wp\/v2\/categories?post=3756"},{"taxonomy":"post_tag","embeddable":true,"href":"https:\/\/sites.ffkarate.fr\/hautsdefrance\/wp-json\/wp\/v2\/tags?post=3756"}],"curies":[{"name":"wp","href":"https:\/\/api.w.org\/{rel}","templated":true}]}}