{"id":4333,"date":"2022-10-05T07:48:09","date_gmt":"2022-10-05T05:48:09","guid":{"rendered":"https:\/\/sites.ffkarate.fr\/hautsdefrance\/?p=4333"},"modified":"2022-10-13T18:19:45","modified_gmt":"2022-10-13T16:19:45","slug":"info-jurys-grades-et-dan-toutes-disciplines","status":"publish","type":"post","link":"https:\/\/sites.ffkarate.fr\/hautsdefrance\/2022\/10\/05\/info-jurys-grades-et-dan-toutes-disciplines\/","title":{"rendered":"Info Jurys Grades et DAN toutes disciplines"},"content":{"rendered":"<div class=\"wpb-content-wrapper\"><p>[vc_row][vc_column][vc_column_text]Comme chaque saison, la ligue HDFKDA met en place l&rsquo;information sur la r\u00e9glementation \u00a0en liaison avec les examens de grades de la CSDGE.<\/p>\n<p><strong>Vous souhaitez \u00eatres juge lors des examens de grades ?<\/strong><\/p>\n<p>Il vous suffit pour cela:<\/p>\n<ul>\n<li>d&rsquo;\u00eatre licenci\u00e9 FFK saison 2022-2023<\/li>\n<li>pr\u00e9sent le samedi 15 octobre 2022 \u00e0 Aulnoye Aymeries.<\/li>\n<li>au minimum titulaire du 2\u00e8me DAN<\/li>\n<li>de participer \u00e0 cette information.<\/li>\n<\/ul>\n<p><strong>Comment ?<\/strong><\/p>\n<p>Simplement\u00a0en vous inscrivant&#8230;en cliquant sur le lien ci-dessous ou sur place<\/p>\n<p>Lien d\u00e9sactiv\u00e9[\/vc_column_text][\/vc_column][\/vc_row][vc_row][vc_column][vc_column_text]Adresse: Salle des f\u00eates Place du Docteur Guersant \u00e0 Aulnoye Aymeries[\/vc_column_text][\/vc_column][\/vc_row]<\/p>\n<\/div>","protected":false},"excerpt":{"rendered":"<p>[vc_row][vc_column][vc_column_text]Comme chaque saison, la ligue HDFKDA met en place l&rsquo;information sur la r\u00e9glementation \u00a0en liaison avec les examens de grades de la CSDGE. Vous souhaitez \u00eatres juge lors des examens de grades ? Il vous suffit pour cela: d&rsquo;\u00eatre licenci\u00e9 FFK saison 2022-2023 pr\u00e9sent le samedi 15 octobre 2022 \u00e0 Aulnoye Aymeries. au minimum titulaire [&hellip;]<\/p>\n","protected":false},"author":161,"featured_media":2441,"comment_status":"closed","ping_status":"closed","sticky":false,"template":"","format":"standard","meta":{"footnotes":""},"categories":[12],"tags":[],"class_list":["post-4333","post","type-post","status-publish","format-standard","hentry","category-grades"],"_links":{"self":[{"href":"https:\/\/sites.ffkarate.fr\/hautsdefrance\/wp-json\/wp\/v2\/posts\/4333","targetHints":{"allow":["GET"]}}],"collection":[{"href":"https:\/\/sites.ffkarate.fr\/hautsdefrance\/wp-json\/wp\/v2\/posts"}],"about":[{"href":"https:\/\/sites.ffkarate.fr\/hautsdefrance\/wp-json\/wp\/v2\/types\/post"}],"author":[{"embeddable":true,"href":"https:\/\/sites.ffkarate.fr\/hautsdefrance\/wp-json\/wp\/v2\/users\/161"}],"replies":[{"embeddable":true,"href":"https:\/\/sites.ffkarate.fr\/hautsdefrance\/wp-json\/wp\/v2\/comments?post=4333"}],"version-history":[{"count":10,"href":"https:\/\/sites.ffkarate.fr\/hautsdefrance\/wp-json\/wp\/v2\/posts\/4333\/revisions"}],"predecessor-version":[{"id":4472,"href":"https:\/\/sites.ffkarate.fr\/hautsdefrance\/wp-json\/wp\/v2\/posts\/4333\/revisions\/4472"}],"wp:featuredmedia":[{"embeddable":true,"href":"https:\/\/sites.ffkarate.fr\/hautsdefrance\/wp-json\/wp\/v2\/media\/2441"}],"wp:attachment":[{"href":"https:\/\/sites.ffkarate.fr\/hautsdefrance\/wp-json\/wp\/v2\/media?parent=4333"}],"wp:term":[{"taxonomy":"category","embeddable":true,"href":"https:\/\/sites.ffkarate.fr\/hautsdefrance\/wp-json\/wp\/v2\/categories?post=4333"},{"taxonomy":"post_tag","embeddable":true,"href":"https:\/\/sites.ffkarate.fr\/hautsdefrance\/wp-json\/wp\/v2\/tags?post=4333"}],"curies":[{"name":"wp","href":"https:\/\/api.w.org\/{rel}","templated":true}]}}