{"id":5151,"date":"2023-10-03T18:59:12","date_gmt":"2023-10-03T16:59:12","guid":{"rendered":"https:\/\/sites.ffkarate.fr\/hautsdefrance\/?p=5151"},"modified":"2023-10-03T18:59:12","modified_gmt":"2023-10-03T16:59:12","slug":"federation-ffk-vs-wukf-france","status":"publish","type":"post","link":"https:\/\/sites.ffkarate.fr\/hautsdefrance\/2023\/10\/03\/federation-ffk-vs-wukf-france\/","title":{"rendered":"F\u00e9d\u00e9ration FFK vs WUKF France"},"content":{"rendered":"<div class=\"wpb-content-wrapper\"><p>[vc_row][vc_column][vc_column_text]<strong>Objet\u00a0:<\/strong>FEDERATION FRANCAISE DE KARATE ET DISCIPLINES ASSOCIES C\/ FEDERATIONWUKF &#8211; JUGEMENT DU 21 Septembre 2023<\/p>\n<p style=\"font-weight: 400\"><em>Mesdames, Messieurs,<\/em><\/p>\n<p style=\"font-weight: 400\"><em>Ces derniers temps, vous avez peut-\u00eatre \u00e9t\u00e9 confront\u00e9 \u00e0 l\u2019activit\u00e9 d\u00e9loyale de la structure WUKF France.<\/em><\/p>\n<p style=\"font-weight: 400\"><em>La F\u00e9d\u00e9ration Fran\u00e7aise de Karat\u00e9 et Disciplines Associ\u00e9es a \u00e9t\u00e9 dans l\u2019obligation de saisir le Tribunal Judiciaire de Draguignan afin de faire cesser ces agissements, contraires \u00e0 la l\u00e9gislation en vigueur en mati\u00e8re de droit du sport.<\/em><\/p>\n<p style=\"font-weight: 400\"><em>Ainsi, et comme vous le constaterez \u00e0 la lecture du Jugement dudit Tribunal que vous retrouverez en pi\u00e8ce jointe, le juge a notamment condamn\u00e9 la WUKF France au motif que\u00a0:<\/em><\/p>\n<ul style=\"font-weight: 400\">\n<li><em>La WUKF n\u2019a pas le droit de proc\u00e9der \u00e0 des s\u00e9lections en vue de leur participation \u00e0 des comp\u00e9titions internationales\u00a0;<\/em><\/li>\n<li><em>La WUKF n\u2019a pas le droit d\u2019utiliser le terme \u00ab\u00a0Equipe de France\u00a0\u00bb ou tout autre terme similaire\u00a0;<\/em><\/li>\n<li><em>La WUKF n\u2019a pas le droit de d\u00e9livrer de titres internationaux, nationaux, r\u00e9gionaux ou d\u00e9partementaux et n\u2019a pas le droit de communiquer sur les titres acquis ill\u00e9galement jusque-l\u00e0\u00a0;<\/em><\/li>\n<li><em>La WUKF n\u2019a pas le droit de d\u00e9livrer de dan ou grades \u00e9quivalent et doit inviter ses adh\u00e9rents \u00e0 cesser de se pr\u00e9valoir de grades ill\u00e9galement acquis.<\/em><\/li>\n<\/ul>\n<p style=\"font-weight: 400\"><em>Le service juridique se tient \u00e0 votre enti\u00e8re disposition pour de plus amples informations,<\/em><\/p>\n<p style=\"font-weight: 400\"><em>\u00a0<a href=\"https:\/\/sites.ffkarate.fr\/hautsdefrance\/wp-content\/uploads\/sites\/113\/2023\/10\/Jugement-TJ-D-21-9-23-rpva.pdf\"><strong>Lien vers jugement tribunal<\/strong><\/a><\/em><\/p>\n<p>[\/vc_column_text][\/vc_column][\/vc_row]<\/p>\n<\/div>","protected":false},"excerpt":{"rendered":"<p>[vc_row][vc_column][vc_column_text]Objet\u00a0:FEDERATION FRANCAISE DE KARATE ET DISCIPLINES ASSOCIES C\/ FEDERATIONWUKF &#8211; JUGEMENT DU 21 Septembre 2023 Mesdames, Messieurs, Ces derniers temps, vous avez peut-\u00eatre \u00e9t\u00e9 confront\u00e9 \u00e0 l\u2019activit\u00e9 d\u00e9loyale de la structure WUKF France. La F\u00e9d\u00e9ration Fran\u00e7aise de Karat\u00e9 et Disciplines Associ\u00e9es a \u00e9t\u00e9 dans l\u2019obligation de saisir le Tribunal Judiciaire de Draguignan afin de faire [&hellip;]<\/p>\n","protected":false},"author":161,"featured_media":0,"comment_status":"closed","ping_status":"closed","sticky":false,"template":"","format":"standard","meta":{"footnotes":""},"categories":[5,1],"tags":[],"class_list":["post-5151","post","type-post","status-publish","format-standard","hentry","category-actualites","category-non-classe"],"_links":{"self":[{"href":"https:\/\/sites.ffkarate.fr\/hautsdefrance\/wp-json\/wp\/v2\/posts\/5151","targetHints":{"allow":["GET"]}}],"collection":[{"href":"https:\/\/sites.ffkarate.fr\/hautsdefrance\/wp-json\/wp\/v2\/posts"}],"about":[{"href":"https:\/\/sites.ffkarate.fr\/hautsdefrance\/wp-json\/wp\/v2\/types\/post"}],"author":[{"embeddable":true,"href":"https:\/\/sites.ffkarate.fr\/hautsdefrance\/wp-json\/wp\/v2\/users\/161"}],"replies":[{"embeddable":true,"href":"https:\/\/sites.ffkarate.fr\/hautsdefrance\/wp-json\/wp\/v2\/comments?post=5151"}],"version-history":[{"count":5,"href":"https:\/\/sites.ffkarate.fr\/hautsdefrance\/wp-json\/wp\/v2\/posts\/5151\/revisions"}],"predecessor-version":[{"id":5156,"href":"https:\/\/sites.ffkarate.fr\/hautsdefrance\/wp-json\/wp\/v2\/posts\/5151\/revisions\/5156"}],"wp:attachment":[{"href":"https:\/\/sites.ffkarate.fr\/hautsdefrance\/wp-json\/wp\/v2\/media?parent=5151"}],"wp:term":[{"taxonomy":"category","embeddable":true,"href":"https:\/\/sites.ffkarate.fr\/hautsdefrance\/wp-json\/wp\/v2\/categories?post=5151"},{"taxonomy":"post_tag","embeddable":true,"href":"https:\/\/sites.ffkarate.fr\/hautsdefrance\/wp-json\/wp\/v2\/tags?post=5151"}],"curies":[{"name":"wp","href":"https:\/\/api.w.org\/{rel}","templated":true}]}}