{"id":5387,"date":"2024-01-17T15:00:52","date_gmt":"2024-01-17T14:00:52","guid":{"rendered":"https:\/\/sites.ffkarate.fr\/hautsdefrance\/?p=5387"},"modified":"2024-01-17T15:42:15","modified_gmt":"2024-01-17T14:42:15","slug":"formation-continue-combat-sportif","status":"publish","type":"post","link":"https:\/\/sites.ffkarate.fr\/hautsdefrance\/2024\/01\/17\/formation-continue-combat-sportif\/","title":{"rendered":"REPORTE: Formation Continue Combat Sportif"},"content":{"rendered":"<div class=\"wpb-content-wrapper\"><p>[vc_row][vc_column width=\u00a0\u00bb1\/2&Prime;][vc_single_image image=\u00a0\u00bb3369&Prime;][\/vc_column][vc_column width=\u00a0\u00bb1\/2&Prime;][vc_column_text]Faute de candidats inscrits la FFK au travers des intervenants, reporte cette Formation \u00e0 une date ult\u00e9rieure.[\/vc_column_text][\/vc_column][\/vc_row][vc_row][vc_column][vc_column_text]<\/p>\n<div class=\"vc_row\">\n<div class=\"vc_column_container\">\n<div class=\"vc_column-inner\">\n<h2 class=\"h2 post_title\">Formation Continue Combat Sportif<\/h2>\n<dl class=\"event_details\">\n<dd class=\"event_date\">Du Sam. 3 au Dim. 4 F\u00e9vrier 2024<\/dd>\n<dd class=\"event_place\"><a href=\"http:\/\/maps.google.co.in\/maps?q=ESCAUTPONT+%2859%29\" target=\"_blank\" rel=\"noopener\">ESCAUTPONT (59)<\/a><\/p>\n<address>\u00a0<\/address>\n<\/dd>\n<\/dl>\n<\/div>\n<\/div>\n<\/div>\n<div class=\"wpb-content-wrapper\">\n<div class=\"vc_row wpb_row vc_row-fluid\">\n<div class=\"wpb_column vc_column_container vc_col-sm-12\">\n<div class=\"vc_column-inner\">\n<div class=\"wpb_wrapper\">\n<div class=\"wpb_text_column wpb_content_element \">\n<div class=\"wpb_wrapper\">\n<p><strong>Pr\u00e9requis<\/strong><br \/>\n<em>Le candidat doit, au moment de son entr\u00e9e en formation\u00a0<\/em>:<br \/>\n\u2013\u00a0\u00a0\u00a0\u00a0\u00a0\u00a0 Etre titulaire du DAF \u00e0 minima<br \/>\n\u2013\u00a0\u00a0\u00a0\u00a0\u00a0\u00a0 \u00a0Etre licenci\u00e9 FFK au moment de la formation<br \/>\n\u2013\u00a0\u00a0\u00a0\u00a0\u00a0\u00a0 \u00a0Avoir 18 ans<\/p>\n<p><strong>Programme<\/strong><br \/>\n\u2013\u00a0\u00a0\u00a0\u00a0\u00a0\u00a0 L\u2019environnement du sportif<br \/>\n\u2013\u00a0\u00a0\u00a0\u00a0\u00a0\u00a0 Les fondamentaux du kumite<br \/>\n\u2013\u00a0\u00a0\u00a0\u00a0\u00a0\u00a0 M\u00e9thode d\u2019entra\u00eenement<\/p>\n<p><strong>Dur\u00e9e et m\u00e9thodes p\u00e9dagogiques<\/strong><br \/>\n\u2013\u00a0\u00a0\u00a0\u00a0\u00a0\u00a0 <u>Dur\u00e9e<\/u>\u00a0:\u00a016h sur 2 jours (2 fois 8h)<br \/>\nSamedi th\u00e9orie 8h-12h30 et 14h-18h30<br \/>\nDimanche\u00a0: th\u00e9orie 8h-10h et 16h30-18h30 et mise en pratique 10h30-12h30 et 14h-16h<br \/>\n\u2013\u00a0\u00a0\u00a0\u00a0\u00a0\u00a0 Apports th\u00e9oriques et pratiques, fiche pratiques, partage d\u2019exp\u00e9rience<br \/>\n\u2013\u00a0\u00a0\u00a0\u00a0\u00a0\u00a0 Lien donn\u00e9 aux stagiaires sur la plateforme f\u00e9d\u00e9rale de formation o\u00f9 seront stock\u00e9 tous les supports diffus\u00e9s<br \/>\n\u2013\u00a0\u00a0\u00a0\u00a0\u00a0\u00a0 <strong>FORMATEURS<\/strong> : cadres d\u2019\u00e9tats et entra\u00eeneurs nationaux\u00a0: <strong>BISSON Franck et BIAMONTI Alexandre<\/strong><\/p>\n<p><strong>Modalit\u00e9s d\u2019\u00e9valuation<\/strong><br \/>\n<em>Le dispositif d\u2019\u00e9valuation du stagiaire repose sur les conditions suivantes<\/em><em>\u00a0: <\/em><br \/>\n\u2013\u00a0\u00a0\u00a0\u00a0\u00a0\u00a0 Evaluation avant, pendant et apr\u00e8s la formation<br \/>\n\u2013\u00a0\u00a0\u00a0\u00a0\u00a0\u00a0 Suivre l\u2019int\u00e9gralit\u00e9 du parcours de formation<\/p>\n<p><strong>Tarifs<\/strong><br \/>\n\u2013\u00a0\u00a0\u00a0\u00a0\u00a0\u00a0 Frais de formation :\u00a0co\u00fbt p\u00e9dagogique 60 euros les saisons pass\u00e9es\u00a0?<br \/>\n\u2013\u00a0\u00a0\u00a0\u00a0\u00a0\u00a0 Frais annexes\u00a0: A la charge du stagiaire<br \/>\n\u2013\u00a0\u00a0\u00a0\u00a0\u00a0\u00a0 Formateurs pris en charge par la DTN<\/p>\n<\/div>\n<\/div>\n<\/div>\n<\/div>\n<\/div>\n<\/div>\n<\/div>\n<p>[\/vc_column_text][\/vc_column][\/vc_row][vc_row][vc_column][vc_message message_box_style=\u00a0\u00bbclassic\u00a0\u00bb message_box_color=\u00a0\u00bbalert-info\u00a0\u00bb style=\u00a0\u00bbrounded\u00a0\u00bb]<a href=\"https:\/\/www.ffkarate.fr\/calendrier\/formation-continue-combat-sportif-2\/\" target=\"_blank\" rel=\"noopener\">Lien d\u2019inscription site FFK<\/a>[\/vc_message][\/vc_column][\/vc_row]<\/p>\n<\/div>","protected":false},"excerpt":{"rendered":"<p>[vc_row][vc_column width=\u00a0\u00bb1\/2&Prime;][vc_single_image image=\u00a0\u00bb3369&Prime;][\/vc_column][vc_column width=\u00a0\u00bb1\/2&Prime;][vc_column_text]Faute de candidats inscrits la FFK au travers des intervenants, reporte cette Formation \u00e0 une date ult\u00e9rieure.[\/vc_column_text][\/vc_column][\/vc_row][vc_row][vc_column][vc_column_text] Formation Continue Combat Sportif Du Sam. 3 au Dim. 4 F\u00e9vrier 2024 ESCAUTPONT (59) \u00a0 Pr\u00e9requis Le candidat doit, au moment de son entr\u00e9e en formation\u00a0: \u2013\u00a0\u00a0\u00a0\u00a0\u00a0\u00a0 Etre titulaire du DAF \u00e0 minima \u2013\u00a0\u00a0\u00a0\u00a0\u00a0\u00a0 \u00a0Etre [&hellip;]<\/p>\n","protected":false},"author":161,"featured_media":2478,"comment_status":"closed","ping_status":"closed","sticky":false,"template":"","format":"standard","meta":{"footnotes":""},"categories":[11],"tags":[],"class_list":["post-5387","post","type-post","status-publish","format-standard","hentry","category-formations"],"_links":{"self":[{"href":"https:\/\/sites.ffkarate.fr\/hautsdefrance\/wp-json\/wp\/v2\/posts\/5387","targetHints":{"allow":["GET"]}}],"collection":[{"href":"https:\/\/sites.ffkarate.fr\/hautsdefrance\/wp-json\/wp\/v2\/posts"}],"about":[{"href":"https:\/\/sites.ffkarate.fr\/hautsdefrance\/wp-json\/wp\/v2\/types\/post"}],"author":[{"embeddable":true,"href":"https:\/\/sites.ffkarate.fr\/hautsdefrance\/wp-json\/wp\/v2\/users\/161"}],"replies":[{"embeddable":true,"href":"https:\/\/sites.ffkarate.fr\/hautsdefrance\/wp-json\/wp\/v2\/comments?post=5387"}],"version-history":[{"count":5,"href":"https:\/\/sites.ffkarate.fr\/hautsdefrance\/wp-json\/wp\/v2\/posts\/5387\/revisions"}],"predecessor-version":[{"id":5447,"href":"https:\/\/sites.ffkarate.fr\/hautsdefrance\/wp-json\/wp\/v2\/posts\/5387\/revisions\/5447"}],"wp:featuredmedia":[{"embeddable":true,"href":"https:\/\/sites.ffkarate.fr\/hautsdefrance\/wp-json\/wp\/v2\/media\/2478"}],"wp:attachment":[{"href":"https:\/\/sites.ffkarate.fr\/hautsdefrance\/wp-json\/wp\/v2\/media?parent=5387"}],"wp:term":[{"taxonomy":"category","embeddable":true,"href":"https:\/\/sites.ffkarate.fr\/hautsdefrance\/wp-json\/wp\/v2\/categories?post=5387"},{"taxonomy":"post_tag","embeddable":true,"href":"https:\/\/sites.ffkarate.fr\/hautsdefrance\/wp-json\/wp\/v2\/tags?post=5387"}],"curies":[{"name":"wp","href":"https:\/\/api.w.org\/{rel}","templated":true}]}}