{"id":5425,"date":"2024-01-09T17:35:03","date_gmt":"2024-01-09T16:35:03","guid":{"rendered":"https:\/\/sites.ffkarate.fr\/hautsdefrance\/?p=5425"},"modified":"2024-01-09T17:36:48","modified_gmt":"2024-01-09T16:36:48","slug":"modifications-dates-competitions-10-11-fevrier","status":"publish","type":"post","link":"https:\/\/sites.ffkarate.fr\/hautsdefrance\/2024\/01\/09\/modifications-dates-competitions-10-11-fevrier\/","title":{"rendered":"Modifications Programmes Comp\u00e9titions 10-11 f\u00e9vrier 2024 \u00e0 HAM"},"content":{"rendered":"<div class=\"wpb-content-wrapper\"><p>[vc_row][vc_column][vc_column_text]Pour une raison d&rsquo;organisation du Week-End de comp\u00e9tition du 10\/11 f\u00e9vrier 2024 \u00e0 HAM, la commission d&rsquo;arbitrage a souhait\u00e9 inverser les programmes de ces comp\u00e9titions.<\/p>\n<p><strong>OPEN Pupilles Benjamins (Kata\/Combat)<\/strong> passe au DIMANCHE 11 f\u00e9vrier 2024<br \/>\n<a href=\"https:\/\/sites.ffkarate.fr\/hautsdefrance\/wp-content\/uploads\/sites\/113\/2024\/01\/11.02.2024-Programme-Open-Ligue-Regionale-Hauts-de-France-Hauts-de-France-Kata-Combat-version-3.pdf\"><strong>NOUVEAU PROGRAMME ICI<\/strong><\/a><\/p>\n<p><strong>CHAMPIONNAT R\u00e9gional Combat MCJS et V\u00e9t\u00e9rans D1 et D2 + Equipe JS<\/strong> passe au SAMEDI 10 f\u00e9vrier 2024<br \/>\n<a href=\"https:\/\/sites.ffkarate.fr\/hautsdefrance\/wp-content\/uploads\/sites\/113\/2024\/01\/10.02.2024-Programme-Championnat-Ligue-Regionale-Hauts-de-France-Combat-version-2-Ham.pdf\"><strong>NOUVEAU PROGRAMME ICI<\/strong><\/a>[\/vc_column_text][\/vc_column][\/vc_row]<\/p>\n<\/div>","protected":false},"excerpt":{"rendered":"<p>[vc_row][vc_column][vc_column_text]Pour une raison d&rsquo;organisation du Week-End de comp\u00e9tition du 10\/11 f\u00e9vrier 2024 \u00e0 HAM, la commission d&rsquo;arbitrage a souhait\u00e9 inverser les programmes de ces comp\u00e9titions. OPEN Pupilles Benjamins (Kata\/Combat) passe au DIMANCHE 11 f\u00e9vrier 2024 NOUVEAU PROGRAMME ICI CHAMPIONNAT R\u00e9gional Combat MCJS et V\u00e9t\u00e9rans D1 et D2 + Equipe JS passe au SAMEDI 10 f\u00e9vrier [&hellip;]<\/p>\n","protected":false},"author":161,"featured_media":2782,"comment_status":"closed","ping_status":"closed","sticky":false,"template":"","format":"standard","meta":{"footnotes":""},"categories":[10],"tags":[],"class_list":["post-5425","post","type-post","status-publish","format-standard","hentry","category-competitions"],"_links":{"self":[{"href":"https:\/\/sites.ffkarate.fr\/hautsdefrance\/wp-json\/wp\/v2\/posts\/5425","targetHints":{"allow":["GET"]}}],"collection":[{"href":"https:\/\/sites.ffkarate.fr\/hautsdefrance\/wp-json\/wp\/v2\/posts"}],"about":[{"href":"https:\/\/sites.ffkarate.fr\/hautsdefrance\/wp-json\/wp\/v2\/types\/post"}],"author":[{"embeddable":true,"href":"https:\/\/sites.ffkarate.fr\/hautsdefrance\/wp-json\/wp\/v2\/users\/161"}],"replies":[{"embeddable":true,"href":"https:\/\/sites.ffkarate.fr\/hautsdefrance\/wp-json\/wp\/v2\/comments?post=5425"}],"version-history":[{"count":5,"href":"https:\/\/sites.ffkarate.fr\/hautsdefrance\/wp-json\/wp\/v2\/posts\/5425\/revisions"}],"predecessor-version":[{"id":5430,"href":"https:\/\/sites.ffkarate.fr\/hautsdefrance\/wp-json\/wp\/v2\/posts\/5425\/revisions\/5430"}],"wp:featuredmedia":[{"embeddable":true,"href":"https:\/\/sites.ffkarate.fr\/hautsdefrance\/wp-json\/wp\/v2\/media\/2782"}],"wp:attachment":[{"href":"https:\/\/sites.ffkarate.fr\/hautsdefrance\/wp-json\/wp\/v2\/media?parent=5425"}],"wp:term":[{"taxonomy":"category","embeddable":true,"href":"https:\/\/sites.ffkarate.fr\/hautsdefrance\/wp-json\/wp\/v2\/categories?post=5425"},{"taxonomy":"post_tag","embeddable":true,"href":"https:\/\/sites.ffkarate.fr\/hautsdefrance\/wp-json\/wp\/v2\/tags?post=5425"}],"curies":[{"name":"wp","href":"https:\/\/api.w.org\/{rel}","templated":true}]}}