{"id":5629,"date":"2024-03-26T10:41:48","date_gmt":"2024-03-26T09:41:48","guid":{"rendered":"https:\/\/sites.ffkarate.fr\/hautsdefrance\/?p=5629"},"modified":"2024-03-26T12:37:18","modified_gmt":"2024-03-26T11:37:18","slug":"5629","status":"publish","type":"post","link":"https:\/\/sites.ffkarate.fr\/hautsdefrance\/2024\/03\/26\/5629\/","title":{"rendered":"R\u00e9sultats sportif du Week-End"},"content":{"rendered":"<div class=\"wpb-content-wrapper\"><p>[vc_row][vc_column][vc_column_text]Plusieurs r\u00e9sultats ce Week-End en championnat de France Contact et \u00e0 l&rsquo;Open international d&rsquo;Orl\u00e9ans.<\/p>\n<p>F\u00e9licitations \u00e0 Cyril et Shnaido et \u00e0 Mat\u00e9o d&rsquo;Aniche Arts martiaux acad\u00e9mie.<br \/>\nF\u00e9licitations \u00e0 In\u00e8s du KCS Sin le Noble<br \/>\nF\u00e9licitations \u00e0 Tess et Axel du KC Petite-For\u00eat<br \/>\nF\u00e9licitations \u00e0 Mathis, Yahya, Nathan, Rayan, Tom et Aur\u00e8lie du KCC Cond\u00e9[\/vc_column_text][\/vc_column][\/vc_row][vc_row][vc_column][vc_gallery images=\u00a0\u00bb5633,5632,5636,5634,5635,5637,5638,5640,5639,5641,5642&Prime;][\/vc_column][\/vc_row]<\/p>\n<\/div>","protected":false},"excerpt":{"rendered":"<p>[vc_row][vc_column][vc_column_text]Plusieurs r\u00e9sultats ce Week-End en championnat de France Contact et \u00e0 l&rsquo;Open international d&rsquo;Orl\u00e9ans. F\u00e9licitations \u00e0 Cyril et Shnaido et \u00e0 Mat\u00e9o d&rsquo;Aniche Arts martiaux acad\u00e9mie. F\u00e9licitations \u00e0 In\u00e8s du KCS Sin le Noble F\u00e9licitations \u00e0 Tess et Axel du KC Petite-For\u00eat F\u00e9licitations \u00e0 Mathis, Yahya, Nathan, Rayan, Tom et Aur\u00e8lie du KCC Cond\u00e9[\/vc_column_text][\/vc_column][\/vc_row][vc_row][vc_column][vc_gallery images=\u00a0\u00bb5633,5632,5636,5634,5635,5637,5638,5640,5639,5641,5642&Prime;][\/vc_column][\/vc_row]<\/p>\n","protected":false},"author":161,"featured_media":5647,"comment_status":"closed","ping_status":"closed","sticky":false,"template":"","format":"standard","meta":{"footnotes":""},"categories":[10],"tags":[],"class_list":["post-5629","post","type-post","status-publish","format-standard","hentry","category-competitions"],"_links":{"self":[{"href":"https:\/\/sites.ffkarate.fr\/hautsdefrance\/wp-json\/wp\/v2\/posts\/5629","targetHints":{"allow":["GET"]}}],"collection":[{"href":"https:\/\/sites.ffkarate.fr\/hautsdefrance\/wp-json\/wp\/v2\/posts"}],"about":[{"href":"https:\/\/sites.ffkarate.fr\/hautsdefrance\/wp-json\/wp\/v2\/types\/post"}],"author":[{"embeddable":true,"href":"https:\/\/sites.ffkarate.fr\/hautsdefrance\/wp-json\/wp\/v2\/users\/161"}],"replies":[{"embeddable":true,"href":"https:\/\/sites.ffkarate.fr\/hautsdefrance\/wp-json\/wp\/v2\/comments?post=5629"}],"version-history":[{"count":3,"href":"https:\/\/sites.ffkarate.fr\/hautsdefrance\/wp-json\/wp\/v2\/posts\/5629\/revisions"}],"predecessor-version":[{"id":5646,"href":"https:\/\/sites.ffkarate.fr\/hautsdefrance\/wp-json\/wp\/v2\/posts\/5629\/revisions\/5646"}],"wp:featuredmedia":[{"embeddable":true,"href":"https:\/\/sites.ffkarate.fr\/hautsdefrance\/wp-json\/wp\/v2\/media\/5647"}],"wp:attachment":[{"href":"https:\/\/sites.ffkarate.fr\/hautsdefrance\/wp-json\/wp\/v2\/media?parent=5629"}],"wp:term":[{"taxonomy":"category","embeddable":true,"href":"https:\/\/sites.ffkarate.fr\/hautsdefrance\/wp-json\/wp\/v2\/categories?post=5629"},{"taxonomy":"post_tag","embeddable":true,"href":"https:\/\/sites.ffkarate.fr\/hautsdefrance\/wp-json\/wp\/v2\/tags?post=5629"}],"curies":[{"name":"wp","href":"https:\/\/api.w.org\/{rel}","templated":true}]}}