{"id":6216,"date":"2024-10-22T15:45:04","date_gmt":"2024-10-22T13:45:04","guid":{"rendered":"https:\/\/sites.ffkarate.fr\/hautsdefrance\/?p=6216"},"modified":"2024-10-22T18:04:52","modified_gmt":"2024-10-22T16:04:52","slug":"thalya-championne-du-monde-u21-cat-fem-68kg","status":"publish","type":"post","link":"https:\/\/sites.ffkarate.fr\/hautsdefrance\/2024\/10\/22\/thalya-championne-du-monde-u21-cat-fem-68kg\/","title":{"rendered":"Thalya SOMBE Championne du Monde U21 Cat\u00e9gorie F\u00e9minine &#8211; 68KG"},"content":{"rendered":"<div class=\"wpb-content-wrapper\"><p>[vc_row][vc_column][vc_column_text]Des repr\u00e9sentants de notre Ligue HDF et D\u00e9pt Nord \u00e9taient convi\u00e9s, ce lundi 21 octobre 2024 \u00e0 Sin Le Noble ou se tenait une petite r\u00e9ception en l&rsquo;honneur de THALYA SOMBE qui obtient pour la seconde fois le titre de Championne du Monde U21 Cat\u00e9gorie F\u00e9minine -68Kg.<\/p>\n<p>Toutes nos f\u00e9licitations Thalya !!![\/vc_column_text][\/vc_column][\/vc_row]<\/p>\n<\/div>","protected":false},"excerpt":{"rendered":"<p>[vc_row][vc_column][vc_column_text]Des repr\u00e9sentants de notre Ligue HDF et D\u00e9pt Nord \u00e9taient convi\u00e9s, ce lundi 21 octobre 2024 \u00e0 Sin Le Noble ou se tenait une petite r\u00e9ception en l&rsquo;honneur de THALYA SOMBE qui obtient pour la seconde fois le titre de Championne du Monde U21 Cat\u00e9gorie F\u00e9minine -68Kg. Toutes nos f\u00e9licitations Thalya !!![\/vc_column_text][\/vc_column][\/vc_row]<\/p>\n","protected":false},"author":161,"featured_media":6215,"comment_status":"closed","ping_status":"closed","sticky":false,"template":"","format":"standard","meta":{"footnotes":""},"categories":[10],"tags":[],"class_list":["post-6216","post","type-post","status-publish","format-standard","hentry","category-competitions"],"_links":{"self":[{"href":"https:\/\/sites.ffkarate.fr\/hautsdefrance\/wp-json\/wp\/v2\/posts\/6216","targetHints":{"allow":["GET"]}}],"collection":[{"href":"https:\/\/sites.ffkarate.fr\/hautsdefrance\/wp-json\/wp\/v2\/posts"}],"about":[{"href":"https:\/\/sites.ffkarate.fr\/hautsdefrance\/wp-json\/wp\/v2\/types\/post"}],"author":[{"embeddable":true,"href":"https:\/\/sites.ffkarate.fr\/hautsdefrance\/wp-json\/wp\/v2\/users\/161"}],"replies":[{"embeddable":true,"href":"https:\/\/sites.ffkarate.fr\/hautsdefrance\/wp-json\/wp\/v2\/comments?post=6216"}],"version-history":[{"count":3,"href":"https:\/\/sites.ffkarate.fr\/hautsdefrance\/wp-json\/wp\/v2\/posts\/6216\/revisions"}],"predecessor-version":[{"id":6226,"href":"https:\/\/sites.ffkarate.fr\/hautsdefrance\/wp-json\/wp\/v2\/posts\/6216\/revisions\/6226"}],"wp:featuredmedia":[{"embeddable":true,"href":"https:\/\/sites.ffkarate.fr\/hautsdefrance\/wp-json\/wp\/v2\/media\/6215"}],"wp:attachment":[{"href":"https:\/\/sites.ffkarate.fr\/hautsdefrance\/wp-json\/wp\/v2\/media?parent=6216"}],"wp:term":[{"taxonomy":"category","embeddable":true,"href":"https:\/\/sites.ffkarate.fr\/hautsdefrance\/wp-json\/wp\/v2\/categories?post=6216"},{"taxonomy":"post_tag","embeddable":true,"href":"https:\/\/sites.ffkarate.fr\/hautsdefrance\/wp-json\/wp\/v2\/tags?post=6216"}],"curies":[{"name":"wp","href":"https:\/\/api.w.org\/{rel}","templated":true}]}}