{"id":6833,"date":"2025-05-28T06:36:38","date_gmt":"2025-05-28T04:36:38","guid":{"rendered":"https:\/\/sites.ffkarate.fr\/hautsdefrance\/?p=6833"},"modified":"2025-06-03T13:56:09","modified_gmt":"2025-06-03T11:56:09","slug":"coupe-regionale-kmix-light-contact","status":"publish","type":"post","link":"https:\/\/sites.ffkarate.fr\/hautsdefrance\/2025\/05\/28\/coupe-regionale-kmix-light-contact\/","title":{"rendered":"REPORTE &#8211; Coupe R\u00e9gionale KMIX Light Contact"},"content":{"rendered":"<div class=\"wpb-content-wrapper\"><p>[vc_row][vc_column][vc_column_text]<\/p>\n<h2><span style=\"color: #ff0000\"><strong>Ev\u00e9nement report\u00e9 faute de pr\u00e9sence d&rsquo;arbitres officiels de KMIX.<\/strong><\/span><\/h2>\n<p><strong>Toutefois le club d&rsquo;ANZIN organise une comp\u00e9tition priv\u00e9e \u00e0 cette m\u00eame date au m\u00eame endroit.<\/strong><\/p>\n<p><strong>Pour tous contacts FRED MAHELLE 0603946860 ou Mahelle_fred@yahoo.fr.<\/strong>[\/vc_column_text][\/vc_column][\/vc_row]<\/p>\n<\/div>","protected":false},"excerpt":{"rendered":"<p>[vc_row][vc_column][vc_column_text] Ev\u00e9nement report\u00e9 faute de pr\u00e9sence d&rsquo;arbitres officiels de KMIX. Toutefois le club d&rsquo;ANZIN organise une comp\u00e9tition priv\u00e9e \u00e0 cette m\u00eame date au m\u00eame endroit. Pour tous contacts FRED MAHELLE 0603946860 ou Mahelle_fred@yahoo.fr.[\/vc_column_text][\/vc_column][\/vc_row]<\/p>\n","protected":false},"author":161,"featured_media":6864,"comment_status":"open","ping_status":"open","sticky":false,"template":"","format":"standard","meta":{"footnotes":""},"categories":[10],"tags":[],"class_list":["post-6833","post","type-post","status-publish","format-standard","hentry","category-competitions"],"_links":{"self":[{"href":"https:\/\/sites.ffkarate.fr\/hautsdefrance\/wp-json\/wp\/v2\/posts\/6833","targetHints":{"allow":["GET"]}}],"collection":[{"href":"https:\/\/sites.ffkarate.fr\/hautsdefrance\/wp-json\/wp\/v2\/posts"}],"about":[{"href":"https:\/\/sites.ffkarate.fr\/hautsdefrance\/wp-json\/wp\/v2\/types\/post"}],"author":[{"embeddable":true,"href":"https:\/\/sites.ffkarate.fr\/hautsdefrance\/wp-json\/wp\/v2\/users\/161"}],"replies":[{"embeddable":true,"href":"https:\/\/sites.ffkarate.fr\/hautsdefrance\/wp-json\/wp\/v2\/comments?post=6833"}],"version-history":[{"count":21,"href":"https:\/\/sites.ffkarate.fr\/hautsdefrance\/wp-json\/wp\/v2\/posts\/6833\/revisions"}],"predecessor-version":[{"id":6867,"href":"https:\/\/sites.ffkarate.fr\/hautsdefrance\/wp-json\/wp\/v2\/posts\/6833\/revisions\/6867"}],"wp:featuredmedia":[{"embeddable":true,"href":"https:\/\/sites.ffkarate.fr\/hautsdefrance\/wp-json\/wp\/v2\/media\/6864"}],"wp:attachment":[{"href":"https:\/\/sites.ffkarate.fr\/hautsdefrance\/wp-json\/wp\/v2\/media?parent=6833"}],"wp:term":[{"taxonomy":"category","embeddable":true,"href":"https:\/\/sites.ffkarate.fr\/hautsdefrance\/wp-json\/wp\/v2\/categories?post=6833"},{"taxonomy":"post_tag","embeddable":true,"href":"https:\/\/sites.ffkarate.fr\/hautsdefrance\/wp-json\/wp\/v2\/tags?post=6833"}],"curies":[{"name":"wp","href":"https:\/\/api.w.org\/{rel}","templated":true}]}}