{"id":7063,"date":"2025-07-07T09:03:33","date_gmt":"2025-07-07T07:03:33","guid":{"rendered":"https:\/\/sites.ffkarate.fr\/hautsdefrance\/?p=7063"},"modified":"2025-07-07T09:04:35","modified_gmt":"2025-07-07T07:04:35","slug":"7063","status":"publish","type":"post","link":"https:\/\/sites.ffkarate.fr\/hautsdefrance\/2025\/07\/07\/7063\/","title":{"rendered":"Vice champion du Monde"},"content":{"rendered":"<div class=\"wpb-content-wrapper\"><p>[vc_row][vc_column][vc_column_text]<\/p>\n<div class=\"xdj266r x14z9mp xat24cr x1lziwak x1vvkbs x126k92a\">\n<div dir=\"auto\">F\u00e9licitations \u00e0 <span style=\"color: #0000ff\"><strong>ALEX LEMILLE<\/strong><\/span>,<\/div>\n<div dir=\"auto\">Vice &#8211; Champion du Monde de Karat\u00e9 WPFG 2025 <span class=\"html-span xexx8yu xyri2b x18d9i69 x1c1uobl x1hl2dhg x16tdsg8 x1vvkbs x3nfvp2 x1j61x8r x1fcty0u xdj266r xat24cr xm2jcoa x1mpyi22 xxymvpz xlup9mm x1kky2od\"><img decoding=\"async\" class=\"xz74otr x15mokao x1ga7v0g x16uus16 xbiv7yw\" src=\"https:\/\/static.xx.fbcdn.net\/images\/emoji.php\/v9\/t5f\/2\/16\/1f30e.png\" alt=\"\ud83c\udf0e\" width=\"16\" height=\"16\" \/><\/span><\/div>\n<\/div>\n<div class=\"x14z9mp xat24cr x1lziwak x1vvkbs xtlvy1s x126k92a\">\n<div dir=\"auto\">C&rsquo;est avec une immense fiert\u00e9 que nous vous annon\u00e7ons qu&rsquo; Alex LEMILLE du club de CARVIN (D\u00e9pt 62) a d\u00e9croch\u00e9 le titre de Vice-Champion du Monde de karat\u00e9 2025 &#8211; World Police &amp; Fire Games (WPFG) aux \u00c9tats-Unis <span class=\"html-span xexx8yu xyri2b x18d9i69 x1c1uobl x1hl2dhg x16tdsg8 x1vvkbs x3nfvp2 x1j61x8r x1fcty0u xdj266r xat24cr xm2jcoa x1mpyi22 xxymvpz xlup9mm x1kky2od\"><img decoding=\"async\" class=\"xz74otr x15mokao x1ga7v0g x16uus16 xbiv7yw\" src=\"https:\/\/static.xx.fbcdn.net\/images\/emoji.php\/v9\/tf2\/2\/16\/1f1fa_1f1f8.png\" alt=\"\ud83c\uddfa\ud83c\uddf8\" width=\"16\" height=\"16\" \/><\/span> !<\/div>\n<\/div>\n<p>[\/vc_column_text][\/vc_column][\/vc_row][vc_row][vc_column width=\u00a0\u00bb1\/2&Prime;][vc_single_image image=\u00a0\u00bb7061&Prime;][\/vc_column][vc_column width=\u00a0\u00bb1\/2&Prime;][vc_single_image image=\u00a0\u00bb7062&Prime;][\/vc_column][\/vc_row]<\/p>\n<\/div>","protected":false},"excerpt":{"rendered":"<p>[vc_row][vc_column][vc_column_text] F\u00e9licitations \u00e0 ALEX LEMILLE, Vice &#8211; Champion du Monde de Karat\u00e9 WPFG 2025 C&rsquo;est avec une immense fiert\u00e9 que nous vous annon\u00e7ons qu&rsquo; Alex LEMILLE du club de CARVIN (D\u00e9pt 62) a d\u00e9croch\u00e9 le titre de Vice-Champion du Monde de karat\u00e9 2025 &#8211; World Police &amp; Fire Games (WPFG) aux \u00c9tats-Unis ! [\/vc_column_text][\/vc_column][\/vc_row][vc_row][vc_column width=\u00a0\u00bb1\/2&Prime;][vc_single_image [&hellip;]<\/p>\n","protected":false},"author":161,"featured_media":7060,"comment_status":"open","ping_status":"open","sticky":false,"template":"","format":"standard","meta":{"footnotes":""},"categories":[18],"tags":[],"class_list":["post-7063","post","type-post","status-publish","format-standard","hentry","category-vie-des-clubs"],"_links":{"self":[{"href":"https:\/\/sites.ffkarate.fr\/hautsdefrance\/wp-json\/wp\/v2\/posts\/7063","targetHints":{"allow":["GET"]}}],"collection":[{"href":"https:\/\/sites.ffkarate.fr\/hautsdefrance\/wp-json\/wp\/v2\/posts"}],"about":[{"href":"https:\/\/sites.ffkarate.fr\/hautsdefrance\/wp-json\/wp\/v2\/types\/post"}],"author":[{"embeddable":true,"href":"https:\/\/sites.ffkarate.fr\/hautsdefrance\/wp-json\/wp\/v2\/users\/161"}],"replies":[{"embeddable":true,"href":"https:\/\/sites.ffkarate.fr\/hautsdefrance\/wp-json\/wp\/v2\/comments?post=7063"}],"version-history":[{"count":4,"href":"https:\/\/sites.ffkarate.fr\/hautsdefrance\/wp-json\/wp\/v2\/posts\/7063\/revisions"}],"predecessor-version":[{"id":7067,"href":"https:\/\/sites.ffkarate.fr\/hautsdefrance\/wp-json\/wp\/v2\/posts\/7063\/revisions\/7067"}],"wp:featuredmedia":[{"embeddable":true,"href":"https:\/\/sites.ffkarate.fr\/hautsdefrance\/wp-json\/wp\/v2\/media\/7060"}],"wp:attachment":[{"href":"https:\/\/sites.ffkarate.fr\/hautsdefrance\/wp-json\/wp\/v2\/media?parent=7063"}],"wp:term":[{"taxonomy":"category","embeddable":true,"href":"https:\/\/sites.ffkarate.fr\/hautsdefrance\/wp-json\/wp\/v2\/categories?post=7063"},{"taxonomy":"post_tag","embeddable":true,"href":"https:\/\/sites.ffkarate.fr\/hautsdefrance\/wp-json\/wp\/v2\/tags?post=7063"}],"curies":[{"name":"wp","href":"https:\/\/api.w.org\/{rel}","templated":true}]}}