{"id":830,"date":"2017-12-26T11:25:05","date_gmt":"2017-12-26T10:25:05","guid":{"rendered":"https:\/\/sites.ffkarate.fr\/hautsdefrance\/?post_type=news&amp;p=830"},"modified":"2017-12-26T11:25:05","modified_gmt":"2017-12-26T10:25:05","slug":"joyeuses-fetes","status":"publish","type":"post","link":"https:\/\/sites.ffkarate.fr\/hautsdefrance\/2017\/12\/26\/joyeuses-fetes\/","title":{"rendered":"Joyeuses  F\u00eates"},"content":{"rendered":"<div class=\"wpb-content-wrapper\"><p>[vc_row][vc_column][vc_column_text]<\/p>\n<p style=\"text-align: center\"><a href=\"https:\/\/sites.ffkarate.fr\/hautsdefrance\/wp-content\/uploads\/sites\/104\/2017\/12\/joyeuses-fetes.jpg\"><img decoding=\"async\" class=\"  wp-image-829 aligncenter\" src=\"https:\/\/sites.ffkarate.fr\/hautsdefrance\/wp-content\/uploads\/sites\/104\/2017\/12\/joyeuses-fetes-300x165.jpg\" alt=\"joyeuses-fetes\" width=\"618\" height=\"340\" \/><\/a>Le Pr\u00e9sident et toutes l&rsquo;\u00e9quipe technique vous souhaitent de Joyeuses F\u00eates de fin d&rsquo;ann\u00e9e.<\/p>\n<p>[\/vc_column_text][\/vc_column][\/vc_row]<\/p>\n<\/div>","protected":false},"excerpt":{"rendered":"<p>[vc_row][vc_column][vc_column_text] Le Pr\u00e9sident et toutes l&rsquo;\u00e9quipe technique vous souhaitent de Joyeuses F\u00eates de fin d&rsquo;ann\u00e9e. [\/vc_column_text][\/vc_column][\/vc_row]<\/p>\n","protected":false},"author":161,"featured_media":0,"comment_status":"closed","ping_status":"closed","sticky":false,"template":"","format":"standard","meta":{"footnotes":""},"categories":[1],"tags":[],"class_list":["post-830","post","type-post","status-publish","format-standard","hentry","category-non-classe"],"_links":{"self":[{"href":"https:\/\/sites.ffkarate.fr\/hautsdefrance\/wp-json\/wp\/v2\/posts\/830","targetHints":{"allow":["GET"]}}],"collection":[{"href":"https:\/\/sites.ffkarate.fr\/hautsdefrance\/wp-json\/wp\/v2\/posts"}],"about":[{"href":"https:\/\/sites.ffkarate.fr\/hautsdefrance\/wp-json\/wp\/v2\/types\/post"}],"author":[{"embeddable":true,"href":"https:\/\/sites.ffkarate.fr\/hautsdefrance\/wp-json\/wp\/v2\/users\/161"}],"replies":[{"embeddable":true,"href":"https:\/\/sites.ffkarate.fr\/hautsdefrance\/wp-json\/wp\/v2\/comments?post=830"}],"version-history":[{"count":0,"href":"https:\/\/sites.ffkarate.fr\/hautsdefrance\/wp-json\/wp\/v2\/posts\/830\/revisions"}],"wp:attachment":[{"href":"https:\/\/sites.ffkarate.fr\/hautsdefrance\/wp-json\/wp\/v2\/media?parent=830"}],"wp:term":[{"taxonomy":"category","embeddable":true,"href":"https:\/\/sites.ffkarate.fr\/hautsdefrance\/wp-json\/wp\/v2\/categories?post=830"},{"taxonomy":"post_tag","embeddable":true,"href":"https:\/\/sites.ffkarate.fr\/hautsdefrance\/wp-json\/wp\/v2\/tags?post=830"}],"curies":[{"name":"wp","href":"https:\/\/api.w.org\/{rel}","templated":true}]}}