{"id":908,"date":"2018-02-19T10:49:38","date_gmt":"2018-02-19T09:49:38","guid":{"rendered":"https:\/\/sites.ffkarate.fr\/hautsdefrance\/?post_type=news&amp;p=908"},"modified":"2018-02-19T10:49:38","modified_gmt":"2018-02-19T09:49:38","slug":"resultats-equipe-regionale-hauts-de-france","status":"publish","type":"post","link":"https:\/\/sites.ffkarate.fr\/hautsdefrance\/2018\/02\/19\/resultats-equipe-regionale-hauts-de-france\/","title":{"rendered":"Championnat de France Equipes de ligues R\u00e9gionales"},"content":{"rendered":"<div class=\"wpb-content-wrapper\"><p>[vc_row][vc_column][vc_column_text]<\/p>\n<h2>La Ligue R\u00e9gionale des Hauts de France termine\u00a02\u00e8me meilleure ligue de France derri\u00e8re la Ligue Ile-de-France.<\/h2>\n<h2><a href=\"https:\/\/sites.ffkarate.fr\/hautsdefrance\/wp-content\/uploads\/sites\/104\/2018\/02\/IMG_8880.jpg\"><img decoding=\"async\" class=\"  wp-image-911 alignleft\" src=\"https:\/\/sites.ffkarate.fr\/hautsdefrance\/wp-content\/uploads\/sites\/104\/2018\/02\/IMG_8880-300x225.jpg\" alt=\"IMG_8880\" width=\"317\" height=\"238\" \/><\/a><\/h2>\n<p align=\"LEFT\"><span style=\"text-decoration: underline\"><strong>Equipe Jeune F\u00e9minine<span style=\"color: #ff0000;text-decoration: underline\"> termine 5\u00e8me<\/span><\/strong><\/span><br \/>\nMinime Kata DAMIE Jade<br \/>\nMinime -45kg Winterfeld Karlstine<br \/>\nMinime +45kg Ribes Oc\u00e9ane<br \/>\nCadette Kata Hache L\u00e9a<br \/>\nCadette -54kg Sombe Thalya<br \/>\nCadette +54kg Sombe Tricya<br \/>\nJunior Kata\u00a0PINGON Liane<br \/>\nJunior -59kg Fosse Alessia<br \/>\nJunior +59kg Ouadahi Wassila<\/p>\n<p><a href=\"https:\/\/sites.ffkarate.fr\/hautsdefrance\/wp-content\/uploads\/sites\/104\/2018\/02\/IMG_8882.jpg\"><img decoding=\"async\" class=\"  wp-image-912 alignright\" src=\"https:\/\/sites.ffkarate.fr\/hautsdefrance\/wp-content\/uploads\/sites\/104\/2018\/02\/IMG_8882-300x225.jpg\" alt=\"IMG_8882\" width=\"318\" height=\"238\" \/><\/a><\/p>\n<p align=\"LEFT\"><span style=\"text-decoration: underline\"><strong>Equipe Jeune Masculine <span style=\"color: #ff0000;text-decoration: underline\">termine 3\u00e8me<\/span><\/strong><br \/>\n<\/span>Minime Kata Schaffer Florent<br \/>\nMinime -55kg Censier Mathys<br \/>\nMinime +55kg Tworek Anthony<br \/>\nCadet Kata Skryma Yvan<br \/>\nCadet -63kg Bechiche Abdelkader<br \/>\nCadet +63kg Fran\u00e7ois Anthony<br \/>\nJunior Kata Skryma Maxime<br \/>\nJunior -68kg Forloni Corentin<br \/>\nJunior +68kg Raspilair Th\u00e9o<\/p>\n<p>&nbsp;<\/p>\n<p><a href=\"https:\/\/sites.ffkarate.fr\/hautsdefrance\/wp-content\/uploads\/sites\/104\/2018\/02\/IMG_8876.jpg\"><img decoding=\"async\" class=\"  wp-image-910 alignleft\" src=\"https:\/\/sites.ffkarate.fr\/hautsdefrance\/wp-content\/uploads\/sites\/104\/2018\/02\/IMG_8876-300x225.jpg\" alt=\"IMG_8876\" width=\"352\" height=\"262\" \/><\/a><span style=\"text-decoration: underline\"><strong>Equipe Mixte S\u00e9niors <span style=\"color: #ff0000;text-decoration: underline\">termine 2\u00e8me<\/span><\/strong><\/span><br \/>\nMEGHICHE Zoulikha<br \/>\nMOULIKOU Molly<br \/>\nBILEM Rhama<br \/>\nCORMIER Laudine (R) (Tavernier Chlo\u00e9 bless\u00e9e, remplac\u00e9e)<br \/>\nLEBRUN Lou<br \/>\nRASPILAIR Alexis<br \/>\nOUKRID Ali<br \/>\nLAINE Cyrille<br \/>\nDAHMANI Sofiane<br \/>\nWINTERFELD Jurgens (R) (Ajouz Julien bless\u00e9, remplac\u00e9)<\/p>\n<p><em>Une pens\u00e9e pour\u00a0Ali OUKRID absent sur\u00a0cette derni\u00e8re\u00a0photo en raison d&rsquo;une hospitalisation suite \u00e0 une \u00e9paule lux\u00e9e au cours d&rsquo;un combat.<\/em><\/p>\n<p>Le pr\u00e9sident Mr Jos\u00e9 HERNANDEZ, le conseil d&rsquo;administration de notre ligue ainsi que tout le staff technique f\u00e9licitent l&rsquo;ensemble des athl\u00e8tes et remercient pour leur implication,\u00a0Mr Alexandre DOUCARE, Mr Romain ALLOUX et Mr Fabrice BOUILLEZ.[\/vc_column_text][\/vc_column][\/vc_row]<\/p>\n<\/div>","protected":false},"excerpt":{"rendered":"<p>[vc_row][vc_column][vc_column_text] La Ligue R\u00e9gionale des Hauts de France termine\u00a02\u00e8me meilleure ligue de France derri\u00e8re la Ligue Ile-de-France. Equipe Jeune F\u00e9minine termine 5\u00e8me Minime Kata DAMIE Jade Minime -45kg Winterfeld Karlstine Minime +45kg Ribes Oc\u00e9ane Cadette Kata Hache L\u00e9a Cadette -54kg Sombe Thalya Cadette +54kg Sombe Tricya Junior Kata\u00a0PINGON Liane Junior -59kg Fosse Alessia Junior +59kg [&hellip;]<\/p>\n","protected":false},"author":161,"featured_media":907,"comment_status":"closed","ping_status":"closed","sticky":false,"template":"","format":"standard","meta":{"footnotes":""},"categories":[1],"tags":[],"class_list":["post-908","post","type-post","status-publish","format-standard","hentry","category-non-classe"],"_links":{"self":[{"href":"https:\/\/sites.ffkarate.fr\/hautsdefrance\/wp-json\/wp\/v2\/posts\/908","targetHints":{"allow":["GET"]}}],"collection":[{"href":"https:\/\/sites.ffkarate.fr\/hautsdefrance\/wp-json\/wp\/v2\/posts"}],"about":[{"href":"https:\/\/sites.ffkarate.fr\/hautsdefrance\/wp-json\/wp\/v2\/types\/post"}],"author":[{"embeddable":true,"href":"https:\/\/sites.ffkarate.fr\/hautsdefrance\/wp-json\/wp\/v2\/users\/161"}],"replies":[{"embeddable":true,"href":"https:\/\/sites.ffkarate.fr\/hautsdefrance\/wp-json\/wp\/v2\/comments?post=908"}],"version-history":[{"count":0,"href":"https:\/\/sites.ffkarate.fr\/hautsdefrance\/wp-json\/wp\/v2\/posts\/908\/revisions"}],"wp:featuredmedia":[{"embeddable":true,"href":"https:\/\/sites.ffkarate.fr\/hautsdefrance\/wp-json\/wp\/v2\/media\/907"}],"wp:attachment":[{"href":"https:\/\/sites.ffkarate.fr\/hautsdefrance\/wp-json\/wp\/v2\/media?parent=908"}],"wp:term":[{"taxonomy":"category","embeddable":true,"href":"https:\/\/sites.ffkarate.fr\/hautsdefrance\/wp-json\/wp\/v2\/categories?post=908"},{"taxonomy":"post_tag","embeddable":true,"href":"https:\/\/sites.ffkarate.fr\/hautsdefrance\/wp-json\/wp\/v2\/tags?post=908"}],"curies":[{"name":"wp","href":"https:\/\/api.w.org\/{rel}","templated":true}]}}