{"id":997,"date":"2018-03-29T20:30:11","date_gmt":"2018-03-29T18:30:11","guid":{"rendered":"https:\/\/sites.ffkarate.fr\/hautsdefrance\/?post_type=news&amp;p=997"},"modified":"2018-03-29T20:30:11","modified_gmt":"2018-03-29T18:30:11","slug":"avis-de-deces","status":"publish","type":"post","link":"https:\/\/sites.ffkarate.fr\/hautsdefrance\/2018\/03\/29\/avis-de-deces\/","title":{"rendered":"Avis de D\u00e9c\u00e8s"},"content":{"rendered":"<div class=\"wpb-content-wrapper\"><p>[vc_row][vc_column][vc_column_text]<a href=\"https:\/\/sites.ffkarate.fr\/hautsdefrance\/wp-content\/uploads\/sites\/104\/2018\/03\/images.jpg\"><img decoding=\"async\" class=\"  wp-image-994 alignleft\" src=\"https:\/\/sites.ffkarate.fr\/hautsdefrance\/wp-content\/uploads\/sites\/104\/2018\/03\/images.jpg\" alt=\"images\" width=\"123\" height=\"194\" \/><\/a>Tristesse pour l\u2019ensemble des clubs de Ta\u00ef-Jitsu de notre r\u00e9gion.<\/p>\n<p>Le pr\u00e9sident de l\u2019USSA arts martiaux de Saint Andr\u00e9, Mr Olivier SINGEZ (47 ans) nous a quitt\u00e9. <a href=\"https:\/\/sites.ffkarate.fr\/hautsdefrance\/wp-content\/uploads\/sites\/104\/2018\/03\/Photo-olivier.jpg\"><img decoding=\"async\" class=\"  wp-image-996 alignright\" src=\"https:\/\/sites.ffkarate.fr\/hautsdefrance\/wp-content\/uploads\/sites\/104\/2018\/03\/Photo-olivier-300x190.jpg\" alt=\"Photo olivier\" width=\"189\" height=\"120\" \/><\/a><\/p>\n<p>Toutes nos pens\u00e9es vont \u00e0 ses proches et amis.<\/p>\n<p><span style=\"color: #0000ff\"><a style=\"color: #0000ff\" href=\"https:\/\/sites.ffkarate.fr\/hautsdefrance\/wp-content\/uploads\/sites\/104\/2018\/03\/faire-part-de\u0301ce\u0300s-Olivier.jpg\" target=\"_blank\" rel=\"noopener\">Avis de d\u00e9c\u00e8s<\/a><\/span>[\/vc_column_text][\/vc_column][\/vc_row]<\/p>\n<\/div>","protected":false},"excerpt":{"rendered":"<p>[vc_row][vc_column][vc_column_text]Tristesse pour l\u2019ensemble des clubs de Ta\u00ef-Jitsu de notre r\u00e9gion. Le pr\u00e9sident de l\u2019USSA arts martiaux de Saint Andr\u00e9, Mr Olivier SINGEZ (47 ans) nous a quitt\u00e9. Toutes nos pens\u00e9es vont \u00e0 ses proches et amis. Avis de d\u00e9c\u00e8s[\/vc_column_text][\/vc_column][\/vc_row]<\/p>\n","protected":false},"author":161,"featured_media":994,"comment_status":"closed","ping_status":"closed","sticky":false,"template":"","format":"standard","meta":{"footnotes":""},"categories":[1],"tags":[],"class_list":["post-997","post","type-post","status-publish","format-standard","hentry","category-non-classe"],"_links":{"self":[{"href":"https:\/\/sites.ffkarate.fr\/hautsdefrance\/wp-json\/wp\/v2\/posts\/997","targetHints":{"allow":["GET"]}}],"collection":[{"href":"https:\/\/sites.ffkarate.fr\/hautsdefrance\/wp-json\/wp\/v2\/posts"}],"about":[{"href":"https:\/\/sites.ffkarate.fr\/hautsdefrance\/wp-json\/wp\/v2\/types\/post"}],"author":[{"embeddable":true,"href":"https:\/\/sites.ffkarate.fr\/hautsdefrance\/wp-json\/wp\/v2\/users\/161"}],"replies":[{"embeddable":true,"href":"https:\/\/sites.ffkarate.fr\/hautsdefrance\/wp-json\/wp\/v2\/comments?post=997"}],"version-history":[{"count":0,"href":"https:\/\/sites.ffkarate.fr\/hautsdefrance\/wp-json\/wp\/v2\/posts\/997\/revisions"}],"wp:featuredmedia":[{"embeddable":true,"href":"https:\/\/sites.ffkarate.fr\/hautsdefrance\/wp-json\/wp\/v2\/media\/994"}],"wp:attachment":[{"href":"https:\/\/sites.ffkarate.fr\/hautsdefrance\/wp-json\/wp\/v2\/media?parent=997"}],"wp:term":[{"taxonomy":"category","embeddable":true,"href":"https:\/\/sites.ffkarate.fr\/hautsdefrance\/wp-json\/wp\/v2\/categories?post=997"},{"taxonomy":"post_tag","embeddable":true,"href":"https:\/\/sites.ffkarate.fr\/hautsdefrance\/wp-json\/wp\/v2\/tags?post=997"}],"curies":[{"name":"wp","href":"https:\/\/api.w.org\/{rel}","templated":true}]}}