{"id":12408,"date":"2022-11-21T17:44:48","date_gmt":"2022-11-21T16:44:48","guid":{"rendered":"https:\/\/sites.ffkarate.fr\/hautsdeseine\/?p=12408"},"modified":"2022-11-21T17:44:48","modified_gmt":"2022-11-21T16:44:48","slug":"resultats-tournoi-des-36-communes-20-11-2022","status":"publish","type":"post","link":"https:\/\/sites.ffkarate.fr\/hautsdeseine\/2022\/11\/21\/resultats-tournoi-des-36-communes-20-11-2022\/","title":{"rendered":"R\u00e9sultats &#8211; Tournoi des 36 Communes &#8211; 20.11.2022"},"content":{"rendered":"<div class=\"wpb-content-wrapper\"><p>[vc_row][vc_column][vc_column_text]Le <strong><span style=\"color: #1423a0\"><b>dimanche 20 novembre 2022<\/b><\/span>,\u00a0<\/strong>avait lieu <span style=\"color: #dc2d5a\"><span style=\"color: #000000\">le <\/span><strong>Tournoi des 36 Communes<\/strong><\/span> \u00e0 <strong><span style=\"color: #1423a0\">Clamart<\/span><\/strong> (92).<!--more--><\/p>\n<p><strong><span style=\"color: #dc2d5a\">202 comp\u00e9titeurs<\/span><\/strong> (<em>138 en combat et 64 en kata<\/em>) et <strong><span style=\"color: #1423a0\">16 clubs<\/span><\/strong> \u00e9taient pr\u00e9sents \u00e0 cette comp\u00e9tition.\u00a0 Apr\u00e8s deux saison de suite, la ville de <strong><span style=\"color: #dc2d5a\">Vanves<\/span><\/strong> laisse le troph\u00e9e \u00e0 la ville de <span style=\"color: #1423a0\"><strong>Rueil-Malmaison<\/strong><\/span> devant les villes de <span style=\"color: #dc2d5a\"><strong>Vanves<\/strong><\/span> (<em>2\u00e8me<\/em>) et de <span style=\"color: #1423a0\"><strong>Levallois-Perret<\/strong><\/span> (<em>3\u00e8me<\/em>).<\/p>\n<p>Un grand bravo aux clubs, comp\u00e9titeurs, coaches, arbitres, b\u00e9n\u00e9voles et publics pour leur participation et pr\u00e9sence. Un grand merci \u00e0 la ville de Clamart pour leur accueil.[\/vc_column_text][\/vc_column][\/vc_row]<\/p>\n<\/div>","protected":false},"excerpt":{"rendered":"<p>[vc_row][vc_column][vc_column_text]Le dimanche 20 novembre 2022,\u00a0avait lieu le Tournoi des 36 Communes \u00e0 Clamart (92).<\/p>\n","protected":false},"author":87,"featured_media":12409,"comment_status":"closed","ping_status":"closed","sticky":false,"template":"","format":"standard","meta":{"footnotes":""},"categories":[10,1],"tags":[77],"class_list":["post-12408","post","type-post","status-publish","format-standard","hentry","category-competitions","category-non-classe","tag-competitions"],"_links":{"self":[{"href":"https:\/\/sites.ffkarate.fr\/hautsdeseine\/wp-json\/wp\/v2\/posts\/12408","targetHints":{"allow":["GET"]}}],"collection":[{"href":"https:\/\/sites.ffkarate.fr\/hautsdeseine\/wp-json\/wp\/v2\/posts"}],"about":[{"href":"https:\/\/sites.ffkarate.fr\/hautsdeseine\/wp-json\/wp\/v2\/types\/post"}],"author":[{"embeddable":true,"href":"https:\/\/sites.ffkarate.fr\/hautsdeseine\/wp-json\/wp\/v2\/users\/87"}],"replies":[{"embeddable":true,"href":"https:\/\/sites.ffkarate.fr\/hautsdeseine\/wp-json\/wp\/v2\/comments?post=12408"}],"version-history":[{"count":3,"href":"https:\/\/sites.ffkarate.fr\/hautsdeseine\/wp-json\/wp\/v2\/posts\/12408\/revisions"}],"predecessor-version":[{"id":12417,"href":"https:\/\/sites.ffkarate.fr\/hautsdeseine\/wp-json\/wp\/v2\/posts\/12408\/revisions\/12417"}],"wp:featuredmedia":[{"embeddable":true,"href":"https:\/\/sites.ffkarate.fr\/hautsdeseine\/wp-json\/wp\/v2\/media\/12409"}],"wp:attachment":[{"href":"https:\/\/sites.ffkarate.fr\/hautsdeseine\/wp-json\/wp\/v2\/media?parent=12408"}],"wp:term":[{"taxonomy":"category","embeddable":true,"href":"https:\/\/sites.ffkarate.fr\/hautsdeseine\/wp-json\/wp\/v2\/categories?post=12408"},{"taxonomy":"post_tag","embeddable":true,"href":"https:\/\/sites.ffkarate.fr\/hautsdeseine\/wp-json\/wp\/v2\/tags?post=12408"}],"curies":[{"name":"wp","href":"https:\/\/api.w.org\/{rel}","templated":true}]}}