{"id":1251,"date":"2015-12-07T17:48:42","date_gmt":"2015-12-07T16:48:42","guid":{"rendered":"https:\/\/sites.ffkarate.fr\/liguehautsdeseine\/?post_type=news&amp;p=1251"},"modified":"2015-12-07T17:48:42","modified_gmt":"2015-12-07T16:48:42","slug":"tournoi-des-communes","status":"publish","type":"post","link":"https:\/\/sites.ffkarate.fr\/hautsdeseine\/2015\/12\/07\/tournoi-des-communes\/","title":{"rendered":"Tournoi des 36 Communes"},"content":{"rendered":"<div class=\"wpb-content-wrapper\"><p>[vc_row][vc_column][vc_column_text]<strong><span style=\"color: #000080\">Mise \u00e0 jour de l&rsquo;affiche<\/span><\/strong>\u00a0: Cat\u00e9gorie sur l&rsquo;affiche modifi\u00e9e de <span style=\"text-decoration: underline\">mini-poussins<\/span> \u00e0 v\u00e9terans au lieu de poussins \u00e0 v\u00e9t\u00e9rans. Affiche t\u00e9l\u00e9chargeable en cliquant <span style=\"color: #003366\"><strong><a style=\"color: #003366\" href=\"https:\/\/sites.ffkarate.fr\/hautsdeseine\/wp-content\/uploads\/sites\/57\/2015\/12\/20151212-13_Tournoi_36_Communes_Affiche_V1.1.pdf\">ICI<\/a><\/strong><\/span>.<\/p>\n<p><strong><span style=\"color: #000080\">Mise \u00e0 jour du r\u00e8glement<\/span><\/strong>\u00a0: La convocation pour les cadets en kumit\u00e9 est le samedi 12 d\u00e9cembre \u00e0 8h30.<\/p>\n<p><strong><span style=\"color: #000080\">Date limite des inscriptions<\/span><\/strong> : Mercredi 9 d\u00e9cembre 2015.<\/p>\n<p>&nbsp;<\/p>\n<p>Les informations concernant le tournoi des 36 communes du samedi 12 d\u00e9cembre pour les combats et le dimanche 13 d\u00e9cembre 2015 pour les katas\u00a0\u00e0 Villeneuve-La-Garenne\u00a0sont disponibles dans la rubrique <span style=\"color: #000080\"><strong><a style=\"color: #000080\" href=\"https:\/\/sites.ffkarate.fr\/liguehautsdeseine\/competitions\/\">comp\u00e9titions<\/a><\/strong><\/span>.<\/p>\n<p>&nbsp;<\/p>\n<p><!--more--><\/p>\n<p>Les inscriptions ne se font qu&rsquo;en ligne en cliquant sur le lien suivant :<\/p>\n<p><a href=\"http:\/\/www.ffkcompetition.fr\/\" target=\"_blank\" rel=\"noopener\"><img decoding=\"async\" class=\"aligncenter size-full wp-image-1256\" src=\"https:\/\/sites.ffkarate.fr\/hautsdeseine\/wp-content\/uploads\/sites\/57\/2015\/10\/bouton-inscription-competition.jpg\" alt=\"bouton-inscription-competition\" width=\"230\" height=\"40\" \/><\/a><\/p>\n<p><span style=\"color: #ff0000\"><strong>Les inscriptions sont ouvertes jusqu\u2019au mercredi 9\u00a0d\u00e9cembre 2015 \u00e0 minuit.<\/strong><\/span><\/p>\n<p><a href=\"https:\/\/sites.ffkarate.fr\/hautsdeseine\/wp-content\/uploads\/sites\/57\/2015\/12\/20151212-13_Tournoi_36_Communes_Affiche_V1.2.jpg\"><img decoding=\"async\" class=\"aligncenter wp-image-1569\" src=\"https:\/\/sites.ffkarate.fr\/liguehautsdeseine\/wp-content\/uploads\/sites\/4\/2015\/12\/20151212-13_Tournoi_36_Communes_Affiche_V1.2-709x1024.jpg\" alt=\"20151212-13_Tournoi_36_Communes_Affiche_V1.2\" width=\"600\" height=\"867\" \/><\/a><\/p>\n<p>&nbsp;[\/vc_column_text][\/vc_column][\/vc_row]<\/p>\n<\/div>","protected":false},"excerpt":{"rendered":"<p>[vc_row][vc_column][vc_column_text]Mise \u00e0 jour de l&rsquo;affiche\u00a0: Cat\u00e9gorie sur l&rsquo;affiche modifi\u00e9e de mini-poussins \u00e0 v\u00e9terans au lieu de poussins \u00e0 v\u00e9t\u00e9rans. Affiche t\u00e9l\u00e9chargeable en cliquant ICI. Mise \u00e0 jour du r\u00e8glement\u00a0: La convocation pour les cadets en kumit\u00e9 est le samedi 12 d\u00e9cembre \u00e0 8h30. Date limite des inscriptions : Mercredi 9 d\u00e9cembre 2015. &nbsp; Les informations [&hellip;]<\/p>\n","protected":false},"author":87,"featured_media":1569,"comment_status":"open","ping_status":"open","sticky":false,"template":"","format":"standard","meta":{"footnotes":""},"categories":[1],"tags":[],"class_list":["post-1251","post","type-post","status-publish","format-standard","hentry","category-non-classe"],"_links":{"self":[{"href":"https:\/\/sites.ffkarate.fr\/hautsdeseine\/wp-json\/wp\/v2\/posts\/1251","targetHints":{"allow":["GET"]}}],"collection":[{"href":"https:\/\/sites.ffkarate.fr\/hautsdeseine\/wp-json\/wp\/v2\/posts"}],"about":[{"href":"https:\/\/sites.ffkarate.fr\/hautsdeseine\/wp-json\/wp\/v2\/types\/post"}],"author":[{"embeddable":true,"href":"https:\/\/sites.ffkarate.fr\/hautsdeseine\/wp-json\/wp\/v2\/users\/87"}],"replies":[{"embeddable":true,"href":"https:\/\/sites.ffkarate.fr\/hautsdeseine\/wp-json\/wp\/v2\/comments?post=1251"}],"version-history":[{"count":0,"href":"https:\/\/sites.ffkarate.fr\/hautsdeseine\/wp-json\/wp\/v2\/posts\/1251\/revisions"}],"wp:featuredmedia":[{"embeddable":true,"href":"https:\/\/sites.ffkarate.fr\/hautsdeseine\/wp-json\/wp\/v2\/media\/1569"}],"wp:attachment":[{"href":"https:\/\/sites.ffkarate.fr\/hautsdeseine\/wp-json\/wp\/v2\/media?parent=1251"}],"wp:term":[{"taxonomy":"category","embeddable":true,"href":"https:\/\/sites.ffkarate.fr\/hautsdeseine\/wp-json\/wp\/v2\/categories?post=1251"},{"taxonomy":"post_tag","embeddable":true,"href":"https:\/\/sites.ffkarate.fr\/hautsdeseine\/wp-json\/wp\/v2\/tags?post=1251"}],"curies":[{"name":"wp","href":"https:\/\/api.w.org\/{rel}","templated":true}]}}