{"id":13107,"date":"2023-03-04T17:22:27","date_gmt":"2023-03-04T16:22:27","guid":{"rendered":"https:\/\/sites.ffkarate.fr\/hautsdeseine\/?p=13107"},"modified":"2023-03-04T17:22:56","modified_gmt":"2023-03-04T16:22:56","slug":"resultats-open-international-karate-light-contact-karate-full-contact-25-26-02-2023","status":"publish","type":"post","link":"https:\/\/sites.ffkarate.fr\/hautsdeseine\/2023\/03\/04\/resultats-open-international-karate-light-contact-karate-full-contact-25-26-02-2023\/","title":{"rendered":"R\u00e9sultats &#8211; Open International Karat\u00e9 Light Contact &amp; Karat\u00e9 Full Contact &#8211; 25-26.02.2023"},"content":{"rendered":"<div class=\"wpb-content-wrapper\"><p>[vc_row][vc_column][vc_column_text]Le <span style=\"color: #1423a0\"><strong>samedi 25<\/strong><span style=\"color: #000000\"> et <\/span><strong>dimanche 26 f\u00e9vrier 2023<\/strong><\/span> avait lieu l&rsquo;<span style=\"color: #1423a0\"><strong><span style=\"color: #dc2d5a\">Open International<\/span><\/strong><span style=\"color: #000000\"> en <\/span><strong>Karat\u00e9 Light Contact<\/strong><span style=\"color: #000000\"> et en <\/span><span style=\"color: #dc2d5a\"><strong>Karat\u00e9 Full Contact<\/strong><\/span><\/span><span style=\"color: #000000\">\u00a0<\/span><span style=\"color: #dc2d5a\"><span style=\"color: #000000\">\u00e0<\/span> <span style=\"color: #000000\">l&rsquo;<span style=\"color: #1423a0\"><strong>I<\/strong><\/span><\/span><span style=\"color: #1423a0\"><strong>NJ<\/strong><\/span><span style=\"color: #000000\"> (75)<\/span><\/span>.<!--more--><\/p>\n<p>Le CDKarate92 remporte <span style=\"color: #dc2d5a\"><strong>5 m\u00e9dailles<\/strong><\/span> dont <span style=\"color: #1423a0\"><strong>1 m\u00e9daille d&rsquo;or<\/strong><\/span>, <span style=\"color: #dc2d5a\"><strong>3 m\u00e9dailles d&rsquo;argent<\/strong><\/span> et <span style=\"color: #1423a0\"><strong>1 m\u00e9daille de bronze<\/strong><\/span>.<\/p>\n<p><strong>1\u00e8re place :<\/strong><\/p>\n<ul>\n<li><strong>Gr\u00e9goire ALLES <\/strong>(<em>Karatedo Bu Jutsu Suresnois<\/em>) \u2013 S\u00e9nior light contact masculin -90 kg<\/li>\n<\/ul>\n<p><strong>2\u00e8me place :<\/strong><\/p>\n<ul>\n<li><strong>Ahmed ALLONSIUS <\/strong>(<em>Karatedo Hobukan Gennevilliers<\/em>) \u2013 S\u00e9nior light contact masculin -76 kg<\/li>\n<li><strong>Paul CARBONNIER <\/strong>(<em>K B C Garches<\/em>) \u2013 S\u00e9nior light contact masculin +90 kg<\/li>\n<li><strong>Marc MELANE <\/strong>(<em>CoachMeBy KravMaga<\/em>) \u2013 S\u00e9nior full contact masculin -85 kg<\/li>\n<\/ul>\n<p><strong>3\u00e8me place :<\/strong><\/p>\n<ul>\n<li><strong>Oumayma BENACHLIOU <\/strong>(<em>Karatedo Hobukan Gennevilliers<\/em>) \u2013 S\u00e9nior light contact f\u00e9minine +68 kg<\/li>\n<\/ul>\n<p><a href=\"https:\/\/sites.ffkarate.fr\/hautsdeseine\/wp-content\/uploads\/sites\/57\/2023\/02\/20230225-26_OPEN_INT_LIGHT_FULL_CONTACT_Resultats_V1.0.pdf\"><span style=\"color: #1423a0\"><strong>R\u00e9sultats\u00a0 de l&rsquo;Open International (25-26.02.2023)<\/strong><\/span><\/a> &lt;= <em>Cliquez sur le lien<\/em>[\/vc_column_text][vc_gallery images=\u00a0\u00bb13103,13102,13101&Prime; title=\u00a0\u00bbPhotos : Denis BOULANGER &#8211; FFK\u00a0\u00bb][\/vc_column][\/vc_row]<\/p>\n<\/div>","protected":false},"excerpt":{"rendered":"<p>[vc_row][vc_column][vc_column_text]Le samedi 25 et dimanche 26 f\u00e9vrier 2023 avait lieu l&rsquo;Open International en Karat\u00e9 Light Contact et en Karat\u00e9 Full Contact\u00a0\u00e0 l&rsquo;INJ (75).<\/p>\n","protected":false},"author":87,"featured_media":13104,"comment_status":"closed","ping_status":"closed","sticky":false,"template":"","format":"standard","meta":{"footnotes":""},"categories":[5,10,15],"tags":[77],"class_list":["post-13107","post","type-post","status-publish","format-standard","hentry","category-actualites","category-competitions","category-k-contact","tag-competitions"],"_links":{"self":[{"href":"https:\/\/sites.ffkarate.fr\/hautsdeseine\/wp-json\/wp\/v2\/posts\/13107","targetHints":{"allow":["GET"]}}],"collection":[{"href":"https:\/\/sites.ffkarate.fr\/hautsdeseine\/wp-json\/wp\/v2\/posts"}],"about":[{"href":"https:\/\/sites.ffkarate.fr\/hautsdeseine\/wp-json\/wp\/v2\/types\/post"}],"author":[{"embeddable":true,"href":"https:\/\/sites.ffkarate.fr\/hautsdeseine\/wp-json\/wp\/v2\/users\/87"}],"replies":[{"embeddable":true,"href":"https:\/\/sites.ffkarate.fr\/hautsdeseine\/wp-json\/wp\/v2\/comments?post=13107"}],"version-history":[{"count":2,"href":"https:\/\/sites.ffkarate.fr\/hautsdeseine\/wp-json\/wp\/v2\/posts\/13107\/revisions"}],"predecessor-version":[{"id":13109,"href":"https:\/\/sites.ffkarate.fr\/hautsdeseine\/wp-json\/wp\/v2\/posts\/13107\/revisions\/13109"}],"wp:featuredmedia":[{"embeddable":true,"href":"https:\/\/sites.ffkarate.fr\/hautsdeseine\/wp-json\/wp\/v2\/media\/13104"}],"wp:attachment":[{"href":"https:\/\/sites.ffkarate.fr\/hautsdeseine\/wp-json\/wp\/v2\/media?parent=13107"}],"wp:term":[{"taxonomy":"category","embeddable":true,"href":"https:\/\/sites.ffkarate.fr\/hautsdeseine\/wp-json\/wp\/v2\/categories?post=13107"},{"taxonomy":"post_tag","embeddable":true,"href":"https:\/\/sites.ffkarate.fr\/hautsdeseine\/wp-json\/wp\/v2\/tags?post=13107"}],"curies":[{"name":"wp","href":"https:\/\/api.w.org\/{rel}","templated":true}]}}