{"id":13237,"date":"2023-03-14T16:10:05","date_gmt":"2023-03-14T15:10:05","guid":{"rendered":"https:\/\/sites.ffkarate.fr\/hautsdeseine\/?p=13237"},"modified":"2023-03-14T16:10:05","modified_gmt":"2023-03-14T15:10:05","slug":"resultats-championnat-de-france-kata-mcjs-11-12-03-2023","status":"publish","type":"post","link":"https:\/\/sites.ffkarate.fr\/hautsdeseine\/2023\/03\/14\/resultats-championnat-de-france-kata-mcjs-11-12-03-2023\/","title":{"rendered":"R\u00e9sultats &#8211; Championnat de France Kata MCJS &#8211; 11-12.03.2023"},"content":{"rendered":"<div class=\"wpb-content-wrapper\"><p>[vc_row][vc_column][vc_column_text]Le <span style=\"color: #1423a0\"><strong>samedi 11<\/strong><span style=\"color: #000000\">\u00a0et <\/span><strong>dimanche 12 mars 2023<\/strong><\/span> avait lieu le <strong><span style=\"color: #dc2d5a\">Championnat de France Kata<\/span><\/strong><span style=\"color: #000000\"> pour les <span style=\"color: #1423a0\"><strong>Minimes<\/strong><\/span>, <span style=\"color: #dc2d5a\"><strong>Cadets<\/strong><\/span>, <span style=\"color: #1423a0\"><strong>Juniors<\/strong><\/span> et <\/span><strong><span style=\"color: #dc2d5a\">S\u00e9niors<\/span><\/strong> <span style=\"color: #000000\">en <strong><span style=\"color: #1423a0\">individuel<\/span><\/strong> et par <strong><span style=\"color: #dc2d5a\">\u00e9quipe <\/span><\/strong><\/span>\u00e0 <span style=\"color: #1423a0\"><strong>Lille<\/strong><\/span> (<em>59<\/em>).<!--more--><\/p>\n<p>Le <span style=\"color: #dc2d5a\"><strong>CDKarate92<\/strong><\/span> remporte <span style=\"color: #1423a0\"><strong>3 m\u00e9dailles<\/strong><\/span>,<span style=\"color: #1423a0\"><span style=\"color: #000000\"><span style=\"color: #dc2d5a\"><strong> 2\u00a0m\u00e9dailles d&rsquo;or <\/strong>et <strong>1 m\u00e9daille de bronze<\/strong>.<\/span><\/span><\/span><\/p>\n<p><strong>1\u00e8re place :<\/strong><\/p>\n<ul>\n<li><strong>Ines ORDONEZ<\/strong>\u00a0(<em>IGKDF Vanves<\/em>) &#8211; Cadet f\u00e9minine kata<\/li>\n<li><strong>Camil PERINI<\/strong>\u00a0(<em>IGKDF Vanves<\/em>) &#8211; Cadet masculin kata<\/li>\n<\/ul>\n<p><strong>3\u00e8me place :<\/strong><\/p>\n<ul>\n<li><strong>Ines ORDONEZ<\/strong>\u00a0(<em>IGKDF Vanves<\/em>) &#8211; Junior f\u00e9minine kata<\/li>\n<\/ul>\n<p><strong>5\u00e8me place :<\/strong><\/p>\n<ul>\n<li><strong>Camil PERINI<\/strong>\u00a0(<em>IGKDF Vanves<\/em>) &#8211; Junior masculin kata<\/li>\n<\/ul>\n<p>[\/vc_column_text][vc_gallery images=\u00a0\u00bb13244,13242&Prime; title=\u00a0\u00bbPhotos : Denis BOULANGER\u00a0\u00bb][\/vc_column][\/vc_row]<\/p>\n<\/div>","protected":false},"excerpt":{"rendered":"<p>[vc_row][vc_column][vc_column_text]Le samedi 11\u00a0et dimanche 12 mars 2023 avait lieu le Championnat de France Kata pour les Minimes, Cadets, Juniors et S\u00e9niors en individuel et par \u00e9quipe \u00e0 Lille (59).<\/p>\n","protected":false},"author":87,"featured_media":13243,"comment_status":"closed","ping_status":"closed","sticky":false,"template":"","format":"standard","meta":{"footnotes":""},"categories":[10,1],"tags":[],"class_list":["post-13237","post","type-post","status-publish","format-standard","hentry","category-competitions","category-non-classe"],"_links":{"self":[{"href":"https:\/\/sites.ffkarate.fr\/hautsdeseine\/wp-json\/wp\/v2\/posts\/13237","targetHints":{"allow":["GET"]}}],"collection":[{"href":"https:\/\/sites.ffkarate.fr\/hautsdeseine\/wp-json\/wp\/v2\/posts"}],"about":[{"href":"https:\/\/sites.ffkarate.fr\/hautsdeseine\/wp-json\/wp\/v2\/types\/post"}],"author":[{"embeddable":true,"href":"https:\/\/sites.ffkarate.fr\/hautsdeseine\/wp-json\/wp\/v2\/users\/87"}],"replies":[{"embeddable":true,"href":"https:\/\/sites.ffkarate.fr\/hautsdeseine\/wp-json\/wp\/v2\/comments?post=13237"}],"version-history":[{"count":3,"href":"https:\/\/sites.ffkarate.fr\/hautsdeseine\/wp-json\/wp\/v2\/posts\/13237\/revisions"}],"predecessor-version":[{"id":13247,"href":"https:\/\/sites.ffkarate.fr\/hautsdeseine\/wp-json\/wp\/v2\/posts\/13237\/revisions\/13247"}],"wp:featuredmedia":[{"embeddable":true,"href":"https:\/\/sites.ffkarate.fr\/hautsdeseine\/wp-json\/wp\/v2\/media\/13243"}],"wp:attachment":[{"href":"https:\/\/sites.ffkarate.fr\/hautsdeseine\/wp-json\/wp\/v2\/media?parent=13237"}],"wp:term":[{"taxonomy":"category","embeddable":true,"href":"https:\/\/sites.ffkarate.fr\/hautsdeseine\/wp-json\/wp\/v2\/categories?post=13237"},{"taxonomy":"post_tag","embeddable":true,"href":"https:\/\/sites.ffkarate.fr\/hautsdeseine\/wp-json\/wp\/v2\/tags?post=13237"}],"curies":[{"name":"wp","href":"https:\/\/api.w.org\/{rel}","templated":true}]}}