{"id":14283,"date":"2023-11-30T16:22:15","date_gmt":"2023-11-30T15:22:15","guid":{"rendered":"https:\/\/sites.ffkarate.fr\/hautsdeseine\/?p=14283"},"modified":"2023-11-30T17:47:29","modified_gmt":"2023-11-30T16:47:29","slug":"coupe-departementale-kata-et-kumite-pou-pup-ben-10-12-2023","status":"publish","type":"post","link":"https:\/\/sites.ffkarate.fr\/hautsdeseine\/2023\/11\/30\/coupe-departementale-kata-et-kumite-pou-pup-ben-10-12-2023\/","title":{"rendered":"Coupe d\u00e9partementale Kata et Kumit\u00e9 &#8211; POU\/PUP\/BEN &#8211; 10.12.2023"},"content":{"rendered":"<div class=\"wpb-content-wrapper\"><p>[vc_row][vc_column][vc_column_text]Le <span style=\"color: #1423a0\"><strong>Comit\u00e9 D\u00e9partemental des\u00a0Hauts-De-Seine de Karat\u00e9<\/strong><\/span> organise la <span style=\"color: #dc2d5a\"><strong>Coupe D\u00e9partementale <\/strong><\/span><span style=\"color: #dc2d5a\"><span style=\"color: #000000\">en <span style=\"color: #1423a0\"><strong>Kata<\/strong><\/span> et <\/span><strong>Kumit\u00e9 <\/strong><\/span>pour les <span style=\"color: #1423a0\"><strong>pupilles<\/strong><\/span>, <span style=\"color: #dc2d5a\"><strong>benjamins<\/strong><\/span> et <span style=\"color: #1423a0\"><strong>poussins<\/strong><\/span>\u00a0le <span style=\"color: #dc2d5a\"><strong>dimanche 10 d\u00e9cembre 2023<\/strong><\/span>.<!--more--><\/p>\n<p><span style=\"color: #dc2d5a\"><strong>Coupe D\u00e9partementale Pupilles et Benjamins Kumit\u00e9 et Kata (<em>avec rep\u00eachage<\/em>) :<\/strong><\/span><\/p>\n<ul>\n<li>Les clubs inscrivent les \u00e9l\u00e8ves \u00e0 la <span style=\"color: #1423a0\"><strong>Coupe D\u00e9partementale<\/strong><\/span>\u00a0depuis le site internet\u00a0<span style=\"color: #1423a0\"><strong><a style=\"color: #1423a0\" href=\"https:\/\/www.ffkcompetition.fr\/\" target=\"_blank\" rel=\"noopener\">FFKCompetitions<\/a><\/strong><\/span><\/li>\n<li>Tous les comp\u00e9titeurs sont qualifi\u00e9s \u00e0 la <span style=\"color: #1423a0\"><strong>Coupe IDF<\/strong><\/span> qui aura lieu le <span style=\"color: #1423a0\"><strong>samedi 20<\/strong><\/span> et <span style=\"color: #1423a0\"><strong>dimanche 21 janvier 2024<\/strong><\/span><\/li>\n<\/ul>\n<p><strong style=\"color: #dc2d5a\">Coupe D\u00e9partementale Poussins Kumite <span style=\"color: #dc2d5a\"><strong>et Kata <\/strong><\/span>(<em>sans rep\u00eachage<\/em>) :<\/strong><\/p>\n<ul>\n<li>Les clubs inscrivent les \u00e9l\u00e8ves \u00e0 la\u00a0<span style=\"color: #1423a0\"><strong>Coupe D\u00e9partementale<\/strong><\/span>\u00a0poussin depuis le site internet\u00a0<span style=\"color: #1423a0\"><strong><a style=\"color: #1423a0\" href=\"https:\/\/www.ffkcompetition.fr\/\" target=\"_blank\" rel=\"noopener\">FFKCompetitions<\/a><\/strong><\/span><\/li>\n<\/ul>\n<p><span style=\"color: #dc2d5a\"><strong>Conditions de participation :<\/strong><\/span><\/p>\n<p>Le participant doit pr\u00e9senter sur\u00a0passeport\u00a0<span style=\"text-decoration: underline\">obligatoirement<\/span>\u00a0:<\/p>\n<ul>\n<li><span style=\"color: #1423a0\"><strong>2 licences<\/strong><\/span>\u00a0<span style=\"text-decoration: underline\">dont<\/span>\u00a0celle de l\u2019ann\u00e9e en cours, ou justificatif et\u00a0\u00eatre\u00a0<span style=\"color: #1423a0\"><strong>licenci\u00e9<\/strong><\/span>\u00a0de la f\u00e9d\u00e9ration au minimum\u00a0<span style=\"color: #1423a0\"><strong>3 jours<\/strong><\/span>\u00a0avant la date limite d\u2019inscription \u00e0 la comp\u00e9tition.<\/li>\n<li>Une\u00a0<span style=\"color: #1423a0\"><strong>autorisation parentale<\/strong><\/span><\/li>\n<\/ul>\n<p><span style=\"color: #dc2d5a\"><strong>Inscriptions :<\/strong><\/span><\/p>\n<p>La date limite pour r\u00e9aliser les inscriptions en ligne est le\u00a0<span style=\"color: #1423a0\"><strong>jeudi 7 d\u00e9cembre 2023<\/strong><span style=\"color: #000000\">\u00a0\u00e0 <\/span><strong>minuit<\/strong><\/span>. Toute inscription arrivant apr\u00e8s cette date sera refus\u00e9e.<\/p>\n<p>Des frais d\u2019engagement sont demand\u00e9s pour la participation \u00e0 la comp\u00e9tition:<\/p>\n<ul>\n<li><span style=\"color: #1423a0\"><strong>6 \u20ac<\/strong><\/span> par comp\u00e9titeur pour les individuels et par \u00e9preuve pour les <span style=\"color: #1423a0\"><strong>Pupilles<\/strong><\/span> et <span style=\"color: #1423a0\"><strong>Benjamins<\/strong><\/span><\/li>\n<li><span style=\"color: #1423a0\"><strong>3 \u20ac<\/strong><\/span> par comp\u00e9titeur pour les individuels et par \u00e9preuve pour les <span style=\"color: #1423a0\"><strong>Poussins<\/strong><\/span><\/li>\n<\/ul>\n<p>Le r\u00e8glement doit parvenir avant la fin de l\u2019inscription.<\/p>\n<p><span style=\"color: #dc2d5a\"><strong>R\u00e8glements :<\/strong><\/span><\/p>\n<p>Le r\u00e8glement \u00e0 la comp\u00e9tition ne se fait que par <span style=\"color: #1423a0\"><strong>carte bancaire<\/strong><\/span> et via le site internet <span style=\"color: #dc2d5a\"><strong>Hello Asso<\/strong><\/span> :[\/vc_column_text][ffk_button size=\u00a0\u00bbbig\u00a0\u00bb link=\u00a0\u00bburl:https%3A%2F%2Fcutt.ly%2FswW6EYm2|title:R%C3%A8glement|target:_blank\u00a0\u00bb][vc_column_text]<span style=\"color: #dc2d5a\"><strong>Important :<\/strong><\/span><\/p>\n<ul>\n<li><span style=\"color: #1423a0\"><strong>Aucune inscription<\/strong><\/span> sur place ne sera admise. Merci de bien faire attention \u00e0 la cat\u00e9gorie lors de l\u2019inscription de l\u2019athl\u00e8te<\/li>\n<li>Ne pas oublier\u00a0<strong><span style=\"color: #1423a0\">vos \u00e9quipements<\/span>.<\/strong> Le d\u00e9partement ne pr\u00eate plus d\u2019\u00e9quipements<\/li>\n<li>Ne pas oublier de faire se demande de carte de coaching pour la comp\u00e9tition en cliquant\u00a0<span style=\"color: #1423a0\"><strong><a style=\"color: #1423a0\" href=\"https:\/\/sites.ffkarate.fr\/hautsdeseine\/competitions\/coaching\/\" target=\"_blank\" rel=\"noopener\">ICI<\/a><\/strong><\/span> &lt;=<strong>\u00a0<\/strong><em>Cliquez sur ce lien<\/em><\/li>\n<\/ul>\n<p><span style=\"color: #dc2d5a\"><strong>Contact :<\/strong><\/span><br \/>\n<strong>Secr\u00e9tariat du CDK92<\/strong><br \/>\nMail : <span style=\"color: #1423a0\"><strong><a style=\"color: #1423a0\" href=\"mailto:cd92.ffkarate@gmail.com\">cd92.ffkarate@gmail.com<\/a><\/strong><\/span><\/p>\n<p><span style=\"color: #dc2d5a\"><strong>Lieu :<\/strong><\/span><br \/>\nCentre Sportif Philippe Cattiau<br \/>\n26 avenue Georges Pompidou<br \/>\n92 390 Villeneuve-La-Garenne<br \/>\n<strong><span style=\"color: #1423a0\"><a style=\"color: #1423a0\" href=\"https:\/\/goo.gl\/maps\/FzDtYFfeeeusJ62h8\" target=\"_blank\" rel=\"noopener\">Google Maps<\/a><\/span><\/strong><\/p>\n<p><span style=\"color: #dc2d5a\"><strong>D\u00e9roulement :<\/strong><\/span><\/p>\n<p><strong><span style=\"color: #1423a0\"><a style=\"color: #1423a0\" href=\"https:\/\/sites.ffkarate.fr\/hautsdeseine\/wp-content\/uploads\/sites\/57\/2023\/10\/20231210_COUPE_DEPARTEMENTALE_CDK92_Programme_V1.0.pdf\">Programme de la comp\u00e9tition V1.0 (<em>M\u00e0J le 30\/10\/2023<\/em>)<\/a><\/span> &lt;=<\/strong>\u00a0<em>Cliquez sur le lien<\/em><\/p>\n<p><strong><a href=\"https:\/\/sites.ffkarate.fr\/hautsdeseine\/wp-content\/uploads\/sites\/57\/2023\/10\/20231210_COUPE_DEPARTEMENTALE_CDK92_Reglement_V1.0.pdf\"><span style=\"color: #1423a0\">R\u00e8glement de la comp\u00e9tition V1.0 (<em>M\u00e0J le <\/em><\/span><\/a><em><a style=\"color: #1423a0\" href=\"https:\/\/sites.ffkarate.fr\/hautsdeseine\/wp-content\/uploads\/sites\/57\/2022\/11\/20221204_CPE_ELITE_HONNEUR_KUMITE_Programme_V1.0.pdf\">30\/10\/2023<\/a><\/em>) &lt;=\u00a0<\/strong><em>Cliquez sur le lien<\/em><\/p>\n<p><a href=\"https:\/\/sites.ffkarate.fr\/hautsdeseine\/wp-content\/uploads\/sites\/57\/2023\/10\/20231210_COUPE_DEPARTEMENTALE_CDK92_Affiche_V1.0.pdf\"><strong><span style=\"color: #1423a0\">Affiche de la comp\u00e9tition au format PDF<\/span><\/strong><\/a> <strong>&lt;=<\/strong>\u00a0<em>Cliquez sur le lien<\/em>[\/vc_column_text][\/vc_column][\/vc_row]<\/p>\n<\/div>","protected":false},"excerpt":{"rendered":"<p>[vc_row][vc_column][vc_column_text]Le Comit\u00e9 D\u00e9partemental des\u00a0Hauts-De-Seine de Karat\u00e9 organise la Coupe D\u00e9partementale en Kata et Kumit\u00e9 pour les pupilles, benjamins et poussins\u00a0le dimanche 10 d\u00e9cembre 2023.<\/p>\n","protected":false},"author":87,"featured_media":14279,"comment_status":"closed","ping_status":"closed","sticky":false,"template":"","format":"standard","meta":{"footnotes":""},"categories":[10],"tags":[77],"class_list":["post-14283","post","type-post","status-publish","format-standard","hentry","category-competitions","tag-competitions"],"_links":{"self":[{"href":"https:\/\/sites.ffkarate.fr\/hautsdeseine\/wp-json\/wp\/v2\/posts\/14283","targetHints":{"allow":["GET"]}}],"collection":[{"href":"https:\/\/sites.ffkarate.fr\/hautsdeseine\/wp-json\/wp\/v2\/posts"}],"about":[{"href":"https:\/\/sites.ffkarate.fr\/hautsdeseine\/wp-json\/wp\/v2\/types\/post"}],"author":[{"embeddable":true,"href":"https:\/\/sites.ffkarate.fr\/hautsdeseine\/wp-json\/wp\/v2\/users\/87"}],"replies":[{"embeddable":true,"href":"https:\/\/sites.ffkarate.fr\/hautsdeseine\/wp-json\/wp\/v2\/comments?post=14283"}],"version-history":[{"count":4,"href":"https:\/\/sites.ffkarate.fr\/hautsdeseine\/wp-json\/wp\/v2\/posts\/14283\/revisions"}],"predecessor-version":[{"id":14288,"href":"https:\/\/sites.ffkarate.fr\/hautsdeseine\/wp-json\/wp\/v2\/posts\/14283\/revisions\/14288"}],"wp:featuredmedia":[{"embeddable":true,"href":"https:\/\/sites.ffkarate.fr\/hautsdeseine\/wp-json\/wp\/v2\/media\/14279"}],"wp:attachment":[{"href":"https:\/\/sites.ffkarate.fr\/hautsdeseine\/wp-json\/wp\/v2\/media?parent=14283"}],"wp:term":[{"taxonomy":"category","embeddable":true,"href":"https:\/\/sites.ffkarate.fr\/hautsdeseine\/wp-json\/wp\/v2\/categories?post=14283"},{"taxonomy":"post_tag","embeddable":true,"href":"https:\/\/sites.ffkarate.fr\/hautsdeseine\/wp-json\/wp\/v2\/tags?post=14283"}],"curies":[{"name":"wp","href":"https:\/\/api.w.org\/{rel}","templated":true}]}}