{"id":14379,"date":"2023-12-29T17:22:21","date_gmt":"2023-12-29T16:22:21","guid":{"rendered":"https:\/\/sites.ffkarate.fr\/hautsdeseine\/?p=14379"},"modified":"2023-12-29T18:09:31","modified_gmt":"2023-12-29T17:09:31","slug":"competition-championnat-departemental-kata-et-kumite-06-01-2024","status":"publish","type":"post","link":"https:\/\/sites.ffkarate.fr\/hautsdeseine\/2023\/12\/29\/competition-championnat-departemental-kata-et-kumite-06-01-2024\/","title":{"rendered":"Comp\u00e9tition &#8211; Championnat D\u00e9partemental Kata et Kumit\u00e9 &#8211; 06.01.2024"},"content":{"rendered":"<div class=\"wpb-content-wrapper\"><p>[vc_row][vc_column][vc_column_text]Le <span style=\"color: #1423a0\"><strong>Comit\u00e9 D\u00e9partemental des\u00a0Hauts-De-Seine de Karat\u00e9<\/strong><\/span> organise le <strong><span style=\"color: #dc2d5a\">samedi 6 janvier 2024<\/span><\/strong>\u00a0le <span style=\"color: #1423a0\"><strong>Championnat D\u00e9partemental Kata<\/strong><\/span> et <span style=\"color: #dc2d5a\"><strong>Kumit\u00e9<\/strong><\/span> en <span style=\"color: #1423a0\"><strong>individuel<\/strong><\/span>\u00a0de <span style=\"color: #dc2d5a\"><strong>minimes<\/strong><\/span> \u00e0 <span style=\"color: #1423a0\"><strong>s\u00e9niors<\/strong><span style=\"color: #000000\">.<\/span><\/span><!--more--><\/p>\n<p><span style=\"color: #1423a0\"><strong>Championnat d\u00e9partemental Kata individuels (<em>avec rep\u00eachage<\/em>) :<\/strong><\/span><\/p>\n<ul>\n<li>Les clubs inscrivent les \u00e9l\u00e8ves au <span style=\"color: #dc2d5a\"><strong>Championnat d\u00e9partemental Kata<\/strong><\/span>\u00a0depuis le site internet :\u00a0<span style=\"color: #1423a0\"><strong><a style=\"color: #1423a0\" href=\"http:\/\/www.ffkcompetition.fr\/\" target=\"_blank\" rel=\"noopener\">http:\/\/www.ffkcompetition.fr\/<\/a><\/strong><\/span><\/li>\n<li>Sur-classement dans <span style=\"color: #dc2d5a\"><strong>deux cat\u00e9gories d\u2019\u00e2ge<\/strong><\/span> possible (<em>cat\u00e9gorie correspondante \u00e0 l\u2019\u00e2ge de l\u2019athl\u00e8te et la cat\u00e9gorie d\u2019\u00e2ge sup\u00e9rieur<\/em>)<\/li>\n<li><span style=\"color: #dc2d5a\"><strong>Tous les participants<\/strong><\/span> sont directement qualifi\u00e9s pour le championnat de la ligue r\u00e9gionale d\u2019Ile-De-France<\/li>\n<\/ul>\n<p><span style=\"color: #1423a0\"><strong>Championnat d\u00e9partemental Kumite individuels (<em>avec rep\u00eachage<\/em>) :<\/strong><\/span><\/p>\n<ul>\n<li>Les clubs inscrivent les \u00e9l\u00e8ves au <span style=\"color: #dc2d5a\"><strong>Championnat d\u00e9partemental Kumite<\/strong><\/span>\u00a0depuis le site internet :\u00a0<span style=\"color: #1423a0\"><strong><a style=\"color: #1423a0\" href=\"http:\/\/www.ffkcompetition.fr\/\" target=\"_blank\" rel=\"noopener\">http:\/\/www.ffkcompetition.fr\/<\/a><\/strong><\/span><\/li>\n<li>Sur-classement dans <span style=\"color: #dc2d5a\"><strong>deux cat\u00e9gories d\u2019\u00e2ge<\/strong><\/span> possible (<em>cat\u00e9gorie correspondante \u00e0 l\u2019\u00e2ge de l\u2019athl\u00e8te et la cat\u00e9gorie d\u2019\u00e2ge sup\u00e9rieur<\/em>)<\/li>\n<li>La cat\u00e9gorie des <span style=\"color: #dc2d5a\"><strong>s\u00e9niors<\/strong><\/span> regroupe la cat\u00e9gorie des espoirs<\/li>\n<li><span style=\"color: #dc2d5a\"><strong>Tous les participants<\/strong><\/span> sont directement qualifi\u00e9s pour le championnat de la ligue r\u00e9gionale d\u2019Ile-De-France<\/li>\n<\/ul>\n<p>[\/vc_column_text][vc_column_text]<span style=\"color: #dc2d5a\"><strong>Conditions de participation :<\/strong><\/span><\/p>\n<p>Le participant doit pr\u00e9senter sur\u00a0passeport\u00a0<span style=\"text-decoration: underline\">obligatoirement<\/span>\u00a0:<\/p>\n<ul>\n<li><span style=\"color: #1423a0\"><strong>2 licences<\/strong><\/span>\u00a0<span style=\"text-decoration: underline\">dont<\/span>\u00a0celle de l\u2019ann\u00e9e en cours, ou justificatif et\u00a0\u00eatre\u00a0<span style=\"color: #1423a0\"><strong>licenci\u00e9<\/strong><\/span>\u00a0de la f\u00e9d\u00e9ration au minimum\u00a0<span style=\"color: #1423a0\"><strong>3 jours<\/strong><\/span>\u00a0avant la date limite d\u2019inscription \u00e0 la comp\u00e9tition.<\/li>\n<li>Une\u00a0<span style=\"color: #1423a0\"><strong>autorisation parentale<\/strong><\/span>\u00a0(<em>pour les mineurs<\/em>)<\/li>\n<li><span style=\"color: #1423a0\"><strong>Carte d&rsquo;identit\u00e9<\/strong><\/span>\u00a0<span style=\"text-decoration: underline\">obligatoire<\/span>\u00a0pour le championnat<\/li>\n<\/ul>\n<p>[\/vc_column_text][vc_column_text]<span style=\"color: #dc2d5a\"><strong>Inscriptions :<\/strong><\/span><\/p>\n<p>La date limite pour r\u00e9aliser les inscriptions en ligne est le <span style=\"color: #1423a0\"><strong>mercredi 3 janvier 2024<\/strong><strong>\u00a0<\/strong><\/span>\u00e0 <span style=\"color: #dc2d5a\"><strong>minuit<\/strong><\/span>. Toute inscription arrivant apr\u00e8s cette date sera refus\u00e9e. Les inscriptions se font\u00a0en cliquant sur le lien suivant :[\/vc_column_text][ffk_button size=\u00a0\u00bbbig\u00a0\u00bb link=\u00a0\u00bburl:https%3A%2F%2Fwww.ffkcompetition.fr%2F|title:Inscription%20FFKCompetition|target:_blank\u00a0\u00bb][vc_column_text]<\/p>\n<p style=\"text-align: center\"><span style=\"color: #dc2d5a\"><strong>Aucune inscription sur place ne sera admise. Merci de bien faire attention \u00e0 la cat\u00e9gorie lors de l&rsquo;inscription de l&rsquo;athl\u00e8te.<\/strong><\/span><\/p>\n<p>[\/vc_column_text][vc_column_text]<span style=\"color: #dc2d5a\"><strong>R\u00e8glements :<\/strong><\/span><\/p>\n<p>Des frais d&rsquo;engagement sont demand\u00e9s pour la participation \u00e0 la comp\u00e9tition \u00e0 raison de <span style=\"color: #1423a0\"><strong>6\u20ac<\/strong><\/span>\u00a0par comp\u00e9titeur pour les<span style=\"color: #1423a0\"><strong> individuels<\/strong><\/span>.<\/p>\n<p>Le r\u00e8glement \u00e0 la comp\u00e9tition ne se fait que par <span style=\"color: #1423a0\"><strong>carte bancaire<\/strong><\/span> et via le site internet <span style=\"color: #dc2d5a\"><strong>Hello Asso<\/strong><\/span> :[\/vc_column_text][ffk_button color=\u00a0\u00bbprimary\u00a0\u00bb size=\u00a0\u00bbbig\u00a0\u00bb link=\u00a0\u00bburl:https%3A%2F%2Fwww.helloasso.com%2Fassociations%2Fcdkarate92%2Fpaiements%2Fchampionnat-departemental-04-01-2024|title:Paiement%20HelloAsso|target:_blank\u00a0\u00bb][vc_column_text]<span style=\"color: #dc2d5a\"><strong>Important :<\/strong><\/span><\/p>\n<ul>\n<li><span style=\"color: #000000\">Ne pas oublier vos \u00e9quipements. Le d\u00e9partement ne pr\u00eate plus d&rsquo;\u00e9quipements.<\/span><\/li>\n<li>Ne pas oublier de faire sa demande de carte de coaching pour la comp\u00e9tition en cliquant\u00a0<strong><span style=\"color: #003366\"><span style=\"color: #1423a0\"><a style=\"color: #1423a0\" href=\"https:\/\/sites.ffkarate.fr\/hautsdeseine\/competitions\/coaching\/\" target=\"_blank\" rel=\"noopener\">ICI<\/a><\/span><\/span><\/strong><span style=\"color: #000000\"> &lt;= <em>Cliquez sur le lien<\/em><\/span><\/li>\n<\/ul>\n<p>[\/vc_column_text][vc_column_text]<span style=\"color: #dc2d5a\"><strong>Contact :<\/strong><\/span><br \/>\n<b>Secr\u00e9tariat du CDK92<\/b><br \/>\nMail : <span style=\"color: #1423a0\"><strong><a style=\"color: #1423a0\" href=\"mailto:cd92.ffkarate@gmail.com\">cd92.ffkarate@gmail.com<\/a><\/strong><\/span>[\/vc_column_text][vc_column_text]<span style=\"color: #dc2d5a\"><strong>Lieu :<\/strong><\/span><br \/>\nCentre Sportif Philippe Cattiau<br \/>\n26 avenue Georges Pompidou<br \/>\n92 390 Villeneuve-La-Garenne<br \/>\n<strong><span style=\"color: #1423a0\"><a style=\"color: #1423a0\" href=\"https:\/\/goo.gl\/maps\/FzDtYFfeeeusJ62h8\" target=\"_blank\" rel=\"noopener\">Google Maps<\/a><\/span><\/strong>[\/vc_column_text][\/vc_column][\/vc_row]<\/p>\n<\/div>","protected":false},"excerpt":{"rendered":"<p>[vc_row][vc_column][vc_column_text]Le Comit\u00e9 D\u00e9partemental des\u00a0Hauts-De-Seine de Karat\u00e9 organise le samedi 6 janvier 2024\u00a0le Championnat D\u00e9partemental Kata et Kumit\u00e9 en individuel\u00a0de minimes \u00e0 s\u00e9niors.<\/p>\n","protected":false},"author":87,"featured_media":14369,"comment_status":"closed","ping_status":"closed","sticky":false,"template":"","format":"standard","meta":{"footnotes":""},"categories":[10],"tags":[77],"class_list":["post-14379","post","type-post","status-publish","format-standard","hentry","category-competitions","tag-competitions"],"_links":{"self":[{"href":"https:\/\/sites.ffkarate.fr\/hautsdeseine\/wp-json\/wp\/v2\/posts\/14379","targetHints":{"allow":["GET"]}}],"collection":[{"href":"https:\/\/sites.ffkarate.fr\/hautsdeseine\/wp-json\/wp\/v2\/posts"}],"about":[{"href":"https:\/\/sites.ffkarate.fr\/hautsdeseine\/wp-json\/wp\/v2\/types\/post"}],"author":[{"embeddable":true,"href":"https:\/\/sites.ffkarate.fr\/hautsdeseine\/wp-json\/wp\/v2\/users\/87"}],"replies":[{"embeddable":true,"href":"https:\/\/sites.ffkarate.fr\/hautsdeseine\/wp-json\/wp\/v2\/comments?post=14379"}],"version-history":[{"count":2,"href":"https:\/\/sites.ffkarate.fr\/hautsdeseine\/wp-json\/wp\/v2\/posts\/14379\/revisions"}],"predecessor-version":[{"id":14381,"href":"https:\/\/sites.ffkarate.fr\/hautsdeseine\/wp-json\/wp\/v2\/posts\/14379\/revisions\/14381"}],"wp:featuredmedia":[{"embeddable":true,"href":"https:\/\/sites.ffkarate.fr\/hautsdeseine\/wp-json\/wp\/v2\/media\/14369"}],"wp:attachment":[{"href":"https:\/\/sites.ffkarate.fr\/hautsdeseine\/wp-json\/wp\/v2\/media?parent=14379"}],"wp:term":[{"taxonomy":"category","embeddable":true,"href":"https:\/\/sites.ffkarate.fr\/hautsdeseine\/wp-json\/wp\/v2\/categories?post=14379"},{"taxonomy":"post_tag","embeddable":true,"href":"https:\/\/sites.ffkarate.fr\/hautsdeseine\/wp-json\/wp\/v2\/tags?post=14379"}],"curies":[{"name":"wp","href":"https:\/\/api.w.org\/{rel}","templated":true}]}}