{"id":14555,"date":"2023-11-27T16:29:22","date_gmt":"2023-11-27T15:29:22","guid":{"rendered":"https:\/\/sites.ffkarate.fr\/hautsdeseine\/?p=14555"},"modified":"2023-11-27T16:29:22","modified_gmt":"2023-11-27T15:29:22","slug":"resultats-coupe-de-france-sanda-18-19-11-2023","status":"publish","type":"post","link":"https:\/\/sites.ffkarate.fr\/hautsdeseine\/2023\/11\/27\/resultats-coupe-de-france-sanda-18-19-11-2023\/","title":{"rendered":"R\u00e9sultats &#8211; Coupe de France Sanda &#8211; 18-19.11.2023"},"content":{"rendered":"<div class=\"wpb-content-wrapper\"><p>[vc_row][vc_column][vc_column_text]Le <span style=\"color: #1423a0\"><strong>samedi 18<\/strong><span style=\"color: #000000\"> et <\/span><strong>dimanche 19 novembre<\/strong><strong>\u00a02023<\/strong><\/span> avait lieu la <span style=\"color: #dc2d5a\"><strong>Coupe de France Sanda<\/strong><span style=\"color: #000000\"> \u00e0<\/span><\/span> <span style=\"color: #1423a0\"><strong>Courbevoie<\/strong><\/span>\u00a0(<em>92<\/em>).<!--more--><\/p>\n<p>Le <span style=\"color: #dc2d5a\"><strong>CDKarate92<\/strong><\/span> remporte <span style=\"color: #1423a0\"><strong>1<\/strong><strong>8 m\u00e9dailles<\/strong><span style=\"color: #000000\"> dont <\/span><span style=\"color: #dc2d5a\"><strong>5 <\/strong><strong>m\u00e9dailles d&rsquo;or<\/strong><\/span><span style=\"color: #000000\">,<\/span><\/span> <span style=\"color: #1423a0\"><strong>7 m\u00e9dailles d&rsquo;argent<\/strong><\/span> et <span style=\"color: #dc2d5a\"><strong>6 m\u00e9dailles de bronze<\/strong><\/span>.<\/p>\n<p><strong style=\"color: #000000\">1\u00e8re place :<\/strong><\/p>\n<ul>\n<li><strong>Roman POTTIER<\/strong>\u00a0(<em>Courbevoie KF<\/em>) &#8211; Benjamin -40 kg masculin<\/li>\n<li><strong>Amandine HICKEL<\/strong>\u00a0(<em>Courbevoie KF<\/em>) &#8211; Junior -56 kg f\u00e9minine<\/li>\n<li><strong>Gabriel IMBERT<\/strong>\u00a0(<em>Courbevoie KF<\/em>) &#8211; Junior -60 kg masculin<\/li>\n<li><strong>Sacha KHAYAT<\/strong>\u00a0(<em>CoachMeBy KravMaga<\/em>) &#8211; Cadet +75 kg masculin<\/li>\n<li><strong>Marc MELANE<\/strong>\u00a0(<em>CoachMeBy KravMaga<\/em>) &#8211; S\u00e9nior -85 kg masculin<\/li>\n<\/ul>\n<p><strong style=\"color: #000000\">2\u00e8me place :<\/strong><\/p>\n<ul>\n<li><strong>Nour BOUHYA<\/strong>\u00a0(<em>Courbevoie KF<\/em>) &#8211; Benjamin -35 kg f\u00e9minine<\/li>\n<li><strong>L\u00e9o BOUTET<\/strong>\u00a0(<em>Courbevoie KF<\/em>) &#8211; Benjamin -40 kg masculin<\/li>\n<li><strong>Equipe mixte<\/strong> (<em>Entente A V G KS TEAM et Courbevoie KF<\/em>) &#8211; PPB<\/li>\n<li><strong>Sandro LECHELLE<\/strong>\u00a0(<em>Courbevoie KF<\/em>) -Minime -48 kg masculin<\/li>\n<li><strong>Pierre BATTERMANN<\/strong>\u00a0(<em>Snake Team &#8211; W4L<\/em>) &#8211; S\u00e9nior -65 kg masculin<\/li>\n<li><strong>Adhame MAHMOUD<\/strong>\u00a0(<em>Snake Team &#8211; W4L<\/em>) &#8211; S\u00e9nior -56 kg masculin<\/li>\n<li><strong>Arnaud FERON<\/strong>\u00a0(<em>Snake Team &#8211; W4L<\/em>) &#8211; S\u00e9nior -75 kg masculin<\/li>\n<\/ul>\n<p><strong style=\"color: #000000\">3\u00e8me place :<\/strong><\/p>\n<ul>\n<li><strong>Salmane LOULIDI SAAD<\/strong>\u00a0(<em>Courbevoie KF<\/em>) &#8211; Pupille -30 kg macsulin<\/li>\n<li><strong>Lucas SOUSA DE PAIVA<\/strong>\u00a0(<em>Courbevoie KF<\/em>) &#8211; Benjamin -40 kg masculin<\/li>\n<li><strong>Wael HAMOU<\/strong>\u00a0(<em>Courbevoie KF<\/em>) &#8211; Cadet -52 kg masculin<\/li>\n<li><strong>Francis NGUYEN<\/strong>\u00a0(<em>Dong Fang Wushu Courbevoie<\/em>) &#8211; V\u00e9t\u00e9ran -75 kg masculin<\/li>\n<li><strong>Mohammed Amine BOUHYA<\/strong>\u00a0(<em>Courbevoie KF<\/em>) &#8211; Minime -52 kg masculin<\/li>\n<li><strong>Sevan BOUVET<\/strong>\u00a0(<em>Courbevoie KF<\/em>) &#8211; Junior -52 kg masculin<\/li>\n<\/ul>\n<p>Le <span style=\"color: #dc2d5a\"><strong>CDKarate92<\/strong><\/span> f\u00e9licite les comp\u00e9titeurs et les clubs pour ces tr\u00e8s beaux r\u00e9sultats.[\/vc_column_text][vc_gallery images=\u00a0\u00bb14553,14552&Prime; title=\u00a0\u00bbPhotos : Nicolas LEPORT &#8211; FFK\u00a0\u00bb][\/vc_column][\/vc_row]<\/p>\n<\/div>","protected":false},"excerpt":{"rendered":"<p>[vc_row][vc_column][vc_column_text]Le samedi 18 et dimanche 19 novembre\u00a02023 avait lieu la Coupe de France Sanda \u00e0 Courbevoie\u00a0(92).<\/p>\n","protected":false},"author":87,"featured_media":14551,"comment_status":"closed","ping_status":"closed","sticky":false,"template":"","format":"standard","meta":{"footnotes":""},"categories":[10],"tags":[77],"class_list":["post-14555","post","type-post","status-publish","format-standard","hentry","category-competitions","tag-competitions"],"_links":{"self":[{"href":"https:\/\/sites.ffkarate.fr\/hautsdeseine\/wp-json\/wp\/v2\/posts\/14555","targetHints":{"allow":["GET"]}}],"collection":[{"href":"https:\/\/sites.ffkarate.fr\/hautsdeseine\/wp-json\/wp\/v2\/posts"}],"about":[{"href":"https:\/\/sites.ffkarate.fr\/hautsdeseine\/wp-json\/wp\/v2\/types\/post"}],"author":[{"embeddable":true,"href":"https:\/\/sites.ffkarate.fr\/hautsdeseine\/wp-json\/wp\/v2\/users\/87"}],"replies":[{"embeddable":true,"href":"https:\/\/sites.ffkarate.fr\/hautsdeseine\/wp-json\/wp\/v2\/comments?post=14555"}],"version-history":[{"count":4,"href":"https:\/\/sites.ffkarate.fr\/hautsdeseine\/wp-json\/wp\/v2\/posts\/14555\/revisions"}],"predecessor-version":[{"id":14559,"href":"https:\/\/sites.ffkarate.fr\/hautsdeseine\/wp-json\/wp\/v2\/posts\/14555\/revisions\/14559"}],"wp:featuredmedia":[{"embeddable":true,"href":"https:\/\/sites.ffkarate.fr\/hautsdeseine\/wp-json\/wp\/v2\/media\/14551"}],"wp:attachment":[{"href":"https:\/\/sites.ffkarate.fr\/hautsdeseine\/wp-json\/wp\/v2\/media?parent=14555"}],"wp:term":[{"taxonomy":"category","embeddable":true,"href":"https:\/\/sites.ffkarate.fr\/hautsdeseine\/wp-json\/wp\/v2\/categories?post=14555"},{"taxonomy":"post_tag","embeddable":true,"href":"https:\/\/sites.ffkarate.fr\/hautsdeseine\/wp-json\/wp\/v2\/tags?post=14555"}],"curies":[{"name":"wp","href":"https:\/\/api.w.org\/{rel}","templated":true}]}}