{"id":14565,"date":"2023-11-28T19:03:10","date_gmt":"2023-11-28T18:03:10","guid":{"rendered":"https:\/\/sites.ffkarate.fr\/hautsdeseine\/?p=14565"},"modified":"2023-11-28T19:03:10","modified_gmt":"2023-11-28T18:03:10","slug":"resultats-examen-kumite-national-b-25-26-11-2023","status":"publish","type":"post","link":"https:\/\/sites.ffkarate.fr\/hautsdeseine\/2023\/11\/28\/resultats-examen-kumite-national-b-25-26-11-2023\/","title":{"rendered":"R\u00e9sultats &#8211; Examen Kumit\u00e9 national B &#8211; 25-26.11.2023"},"content":{"rendered":"<div class=\"wpb-content-wrapper\"><p>[vc_row][vc_column][vc_column_text]Le week-end des <span style=\"color: #1423a0\"><strong>25 et 26 novembre 2023<\/strong><\/span>, la <span style=\"color: #dc2d5a\"><strong>Coupe de France Combats<\/strong><\/span> pour les <span style=\"color: #1423a0\"><strong>Minimes<\/strong><\/span> et <span style=\"color: #dc2d5a\"><strong>Cadets<\/strong><\/span> s&rsquo;est d\u00e9roul\u00e9e au <span style=\"color: #1423a0\"><strong>Grand D\u00f4me de Villebon<\/strong><\/span> (<em>91<\/em>).<!--more--><\/p>\n<p>Au cours de cet \u00e9v\u00e9nement, <span style=\"color: #dc2d5a\"><strong>deux participants des Hauts-De-Seine<\/strong><\/span> ont brillamment r\u00e9ussi l&rsquo;<span style=\"color: #1423a0\"><strong>examen national kumit\u00e9 B<\/strong><\/span>.<\/p>\n<p>Le <span style=\"color: #dc2d5a\"><strong>CDK92<\/strong><\/span> adresse ses f\u00e9licitations \u00e0 <span style=\"color: #1423a0\"><strong>Imad EL OUAZZANI<\/strong><\/span> et <span style=\"color: #dc2d5a\"><strong>Makalou MODIBO<\/strong><\/span> pour leur excellente performance, contribuant ainsi \u00e0 renforcer le corps arbitral d\u00e9partemental avec l&rsquo;obtention du statut d&rsquo;arbitre national.<\/p>\n<p>Nos arbitres et juges rencontrent un grand succ\u00e8s, en grande partie gr\u00e2ce \u00e0 l&rsquo;exceptionnel travail accompli par <span style=\"color: #1423a0\"><strong>Mohammed DAOUD<\/strong><\/span>, <span style=\"color: #dc2d5a\"><strong>Sibille FRIK<\/strong><\/span> et <span style=\"color: #1423a0\"><strong>Laura DA SILVA<\/strong><\/span>. Leur contribution r\u00e9guli\u00e8re permet \u00e0 notre d\u00e9partement de former efficacement des arbitres.[\/vc_column_text][\/vc_column][\/vc_row]<\/p>\n<\/div>","protected":false},"excerpt":{"rendered":"<p>[vc_row][vc_column][vc_column_text]Le week-end des 25 et 26 novembre 2023, la Coupe de France Combats pour les Minimes et Cadets s&rsquo;est d\u00e9roul\u00e9e au Grand D\u00f4me de Villebon (91).<\/p>\n","protected":false},"author":87,"featured_media":14568,"comment_status":"closed","ping_status":"closed","sticky":false,"template":"","format":"standard","meta":{"footnotes":""},"categories":[8],"tags":[71],"class_list":["post-14565","post","type-post","status-publish","format-standard","hentry","category-arbitrage","tag-arbitrage"],"_links":{"self":[{"href":"https:\/\/sites.ffkarate.fr\/hautsdeseine\/wp-json\/wp\/v2\/posts\/14565","targetHints":{"allow":["GET"]}}],"collection":[{"href":"https:\/\/sites.ffkarate.fr\/hautsdeseine\/wp-json\/wp\/v2\/posts"}],"about":[{"href":"https:\/\/sites.ffkarate.fr\/hautsdeseine\/wp-json\/wp\/v2\/types\/post"}],"author":[{"embeddable":true,"href":"https:\/\/sites.ffkarate.fr\/hautsdeseine\/wp-json\/wp\/v2\/users\/87"}],"replies":[{"embeddable":true,"href":"https:\/\/sites.ffkarate.fr\/hautsdeseine\/wp-json\/wp\/v2\/comments?post=14565"}],"version-history":[{"count":2,"href":"https:\/\/sites.ffkarate.fr\/hautsdeseine\/wp-json\/wp\/v2\/posts\/14565\/revisions"}],"predecessor-version":[{"id":14567,"href":"https:\/\/sites.ffkarate.fr\/hautsdeseine\/wp-json\/wp\/v2\/posts\/14565\/revisions\/14567"}],"wp:featuredmedia":[{"embeddable":true,"href":"https:\/\/sites.ffkarate.fr\/hautsdeseine\/wp-json\/wp\/v2\/media\/14568"}],"wp:attachment":[{"href":"https:\/\/sites.ffkarate.fr\/hautsdeseine\/wp-json\/wp\/v2\/media?parent=14565"}],"wp:term":[{"taxonomy":"category","embeddable":true,"href":"https:\/\/sites.ffkarate.fr\/hautsdeseine\/wp-json\/wp\/v2\/categories?post=14565"},{"taxonomy":"post_tag","embeddable":true,"href":"https:\/\/sites.ffkarate.fr\/hautsdeseine\/wp-json\/wp\/v2\/tags?post=14565"}],"curies":[{"name":"wp","href":"https:\/\/api.w.org\/{rel}","templated":true}]}}